{"id":56541,"date":"2025-09-22T15:55:16","date_gmt":"2025-09-22T12:55:16","guid":{"rendered":"https:\/\/www.egemtv.com\/?p=56541"},"modified":"2025-09-22T15:55:16","modified_gmt":"2025-09-22T12:55:16","slug":"baskan-dere-direksiyona-gecip-civrilnin-iki-mahallesinde-asfalt-calismasini-noktaladi","status":"publish","type":"post","link":"https:\/\/www.egemtv.com\/?p=56541","title":{"rendered":"Ba\u015fkan Dere direksiyona ge\u00e7ip \u00c7ivril\u2019nin iki mahallesinde asfalt \u00e7al\u0131\u015fmas\u0131n\u0131 noktalad\u0131"},"content":{"rendered":"<p>Denizli\u2019nin \u00c7ivril il\u00e7esinde i\u015f makinesinin direksiyonuna ge\u00e7en Belediye Ba\u015fkan\u0131 Semih Dere, K\u0131z\u0131lcas\u00f6\u011f\u00fct ve \u015eehitler mahallelerindeki asfaltlama \u00e7al\u0131\u015fmalar\u0131na son noktay\u0131 koydu.<\/p>\n<p>\u00c7ivril Belediyesi, se\u00e7im vaatleri aras\u0131nda yer alan kendi asfalt \u015fantiyesini kurma hedefini ger\u00e7ekle\u015ftirerek, il\u00e7enin yol a\u011f\u0131n\u0131 yenileme \u00e7al\u0131\u015fmalar\u0131n\u0131 s\u00fcrd\u00fcr\u00fcyor. \u00c7ivril Belediyesi Fen \u0130\u015fleri ekiplerinin belli bir plan \u00e7er\u00e7evesinde Denizli B\u00fcy\u00fck\u015fehir Belediyesinin de destekleriyle y\u00fcr\u00fct\u00fclen \u00e7al\u0131\u015fmalar kapsam\u0131nda K\u0131z\u0131lcas\u00f6\u011f\u00fct ve \u015eehitler mahallelerinin yollar\u0131nda asfaltlama \u00e7al\u0131\u015fmalar\u0131 tamamland\u0131.<\/p>\n<p>\u00c7ivril Belediyesi se\u00e7im d\u00f6neminde verilen s\u00f6z do\u011frultusunda kendi asfalt \u015fantiyesini faaliyete ge\u00e7irerek \u00e7al\u0131\u015fmalar ger\u00e7ekle\u015ftiriyor. Yap\u0131lan \u00e7al\u0131\u015fmalarla birlikte K\u0131z\u0131lcas\u00f6\u011f\u00fct ve \u015eehitler mahallelerindeki vatanda\u015flar daha konforlu ve g\u00fcvenli bir ula\u015f\u0131m a\u011f\u0131na kavu\u015fuyor.<\/p>\n<p>\u0130\u015f makinesinin direksiyonuna ge\u00e7erek asfaltlama \u00e7al\u0131\u015fmalar\u0131n\u0131 bizzat kendisi tamamlayan \u00c7ivril Belediye Ba\u015fkan\u0131 Semih Dere; &#8220;Se\u00e7im d\u00f6neminde s\u00f6z verdi\u011fimiz gibi, kendi asfalt \u015fantiyemizi faaliyete ge\u00e7irerek asfaltlama \u00e7al\u0131\u015fmalar\u0131m\u0131za ba\u015flad\u0131k. Denizli B\u00fcy\u00fck\u015fehir Belediyemizin de destekleriyle K\u0131z\u0131lcas\u00f6\u011f\u00fct ve \u015eehitler Mahallelerimizde asfaltlama \u00e7al\u0131\u015fmalar\u0131n\u0131 tamamlaman\u0131n mutlulu\u011funu ya\u015f\u0131yoruz. Desteklerinden dolay\u0131 Denizli B\u00fcy\u00fck\u015fehir Belediye Ba\u015fkan\u0131m\u0131z B\u00fclent Nuri \u00c7avu\u015fo\u011flu\u2019na g\u00f6n\u00fclden te\u015fekk\u00fcr ediyorum. Yap\u0131lan \u00e7al\u0131\u015fmalar\u0131n il\u00e7emize hay\u0131rl\u0131 olmas\u0131n\u0131 diliyorum.&#8221; dedi.<\/p>\n<p>Ekipler, \u00c7ivril\u2019de konforlu ve g\u00fcvenli bir ula\u015f\u0131m a\u011f\u0131 olu\u015fturmak amac\u0131yla \u00e7al\u0131\u015fmalar\u0131n aral\u0131ks\u0131z s\u00fcrece\u011fini belirtti.<br \/><\/p>\n","protected":false},"excerpt":{"rendered":"<p>Denizli\u2019nin \u00c7ivril il\u00e7esinde i\u015f makinesinin direksiyonuna ge\u00e7en Belediye Ba\u015fkan\u0131 Semih Dere, K\u0131z\u0131lcas\u00f6\u011f\u00fct ve \u015eehitler mahallelerindeki asfaltlama \u00e7al\u0131\u015fmalar\u0131na son noktay\u0131 koydu. \u00c7ivril Belediyesi, se\u00e7im vaatleri aras\u0131nda yer alan kendi asfalt \u015fantiyesini kurma hedefini ger\u00e7ekle\u015ftirerek, il\u00e7enin yol a\u011f\u0131n\u0131 yenileme \u00e7al\u0131\u015fmalar\u0131n\u0131 s\u00fcrd\u00fcr\u00fcyor. \u00c7ivril Belediyesi Fen \u0130\u015fleri ekiplerinin belli bir plan \u00e7er\u00e7evesinde Denizli B\u00fcy\u00fck\u015fehir Belediyesinin de destekleriyle y\u00fcr\u00fct\u00fclen \u00e7al\u0131\u015fmalar&#8230;<\/p>\n","protected":false},"author":1,"featured_media":56542,"comment_status":"open","ping_status":"open","sticky":false,"template":"","format":"standard","meta":{"_crdt_document":"","footnotes":""},"categories":[1],"tags":[],"class_list":["post-56541","post","type-post","status-publish","format-standard","has-post-thumbnail","hentry","category-guncel"],"_links":{"self":[{"href":"https:\/\/www.egemtv.com\/index.php?rest_route=\/wp\/v2\/posts\/56541","targetHints":{"allow":["GET"]}}],"collection":[{"href":"https:\/\/www.egemtv.com\/index.php?rest_route=\/wp\/v2\/posts"}],"about":[{"href":"https:\/\/www.egemtv.com\/index.php?rest_route=\/wp\/v2\/types\/post"}],"author":[{"embeddable":true,"href":"https:\/\/www.egemtv.com\/index.php?rest_route=\/wp\/v2\/users\/1"}],"replies":[{"embeddable":true,"href":"https:\/\/www.egemtv.com\/index.php?rest_route=%2Fwp%2Fv2%2Fcomments&post=56541"}],"version-history":[{"count":1,"href":"https:\/\/www.egemtv.com\/index.php?rest_route=\/wp\/v2\/posts\/56541\/revisions"}],"predecessor-version":[{"id":56543,"href":"https:\/\/www.egemtv.com\/index.php?rest_route=\/wp\/v2\/posts\/56541\/revisions\/56543"}],"wp:featuredmedia":[{"embeddable":true,"href":"https:\/\/www.egemtv.com\/index.php?rest_route=\/wp\/v2\/media\/56542"}],"wp:attachment":[{"href":"https:\/\/www.egemtv.com\/index.php?rest_route=%2Fwp%2Fv2%2Fmedia&parent=56541"}],"wp:term":[{"taxonomy":"category","embeddable":true,"href":"https:\/\/www.egemtv.com\/index.php?rest_route=%2Fwp%2Fv2%2Fcategories&post=56541"},{"taxonomy":"post_tag","embeddable":true,"href":"https:\/\/www.egemtv.com\/index.php?rest_route=%2Fwp%2Fv2%2Ftags&post=56541"}],"curies":[{"name":"wp","href":"https:\/\/api.w.org\/{rel}","templated":true}]}}