{"id":56538,"date":"2025-09-22T15:55:15","date_gmt":"2025-09-22T12:55:15","guid":{"rendered":"https:\/\/www.egemtv.com\/?p=56538"},"modified":"2025-09-22T15:55:16","modified_gmt":"2025-09-22T12:55:16","slug":"mugla-buyuksehirden-sosyal-belediyecilikte-ornek-projeler","status":"publish","type":"post","link":"https:\/\/www.egemtv.com\/?p=56538","title":{"rendered":"Mu\u011fla B\u00fcy\u00fck\u015fehir\u2019den sosyal belediyecilikte \u00f6rnek projeler"},"content":{"rendered":"<p>Mu\u011fla B\u00fcy\u00fck\u015fehir Belediyesi sosyal belediyecilik alan\u0131nda \u00f6rnek \u00e7al\u0131\u015fmalar\u0131yla vatanda\u015flar\u0131n yan\u0131nda olmaya devam ediyor. T\u00fcrkiye\u2019de ilk olan K\u0131sa Mola, G\u00fcnd\u00fcz Bak\u0131mevleri,  Evde Bak\u0131m Hizmetleri, \u00f6\u011frencilere, emeklilere, kad\u0131nlara y\u00f6nelik hizmetleri hayata ge\u00e7iren B\u00fcy\u00fck\u015fehir Belediyesi, hem \u015fehir merkezinde hem de k\u0131rsal b\u00f6lgelerde ya\u015fam kalitesini y\u00fckseltmeyi hedefliyor.<br \/>\n<br \/>G\u00fcnd\u00fcz Bak\u0131mevleri il geneline yay\u0131l\u0131yor<br \/>\n<br \/>Ba\u015fkan Aras\u2019\u0131n \u00f6nc\u00fcl\u00fc\u011f\u00fcnde hayata ge\u00e7irilen Emin Eller G\u00fcnd\u00fcz Bak\u0131mevleri, ailelere \u00f6nemli bir destek sa\u011fl\u0131yor. \u00c7ocuklar g\u00fcvenli bir ortamda bak\u0131mlar\u0131 yap\u0131l\u0131rken ayn\u0131 zamanda e\u011fitici ve e\u011flendirici etkinliklerle geli\u015fimlerini destekleyen faaliyetlere kat\u0131l\u0131yor.<br \/>\n<br \/>Mu\u011fla\u2019da \u015fu anda Fethiye, Ortaca, Mente\u015fe ve Yata\u011fan il\u00e7elerinde a\u00e7\u0131lan d\u00f6rt g\u00fcnd\u00fcz bak\u0131mevinin yan\u0131 s\u0131ra Bodrum\u2019da, il\u00e7e belediyesinden devral\u0131nan \u00c7\u0131rkan, Konac\u0131k ve G\u00fcmbet g\u00fcnd\u00fcz bak\u0131mevleri hizmet veriyor. B\u00f6ylece il genelinde aktif g\u00fcnd\u00fcz bak\u0131mevi say\u0131s\u0131 7\u2019ye ula\u015ft\u0131.<br \/>\n<br \/>13 il\u00e7ede \u00fccretsiz internet<br \/>\n<br \/>\u00d6\u011frenciler ve vatanda\u015flar\u0131n ortak kullan\u0131m alanlar\u0131nda \u00fccretsiz kablosuz internet hizmeti 13 il\u00e7ede yayg\u0131nla\u015ft\u0131r\u0131l\u0131yor. B\u00f6ylece \u00f6\u011frenciler derslerine kesintisiz kat\u0131labiliyor, vatanda\u015flar i\u015f ve g\u00fcndelik ya\u015famda internet eri\u015fimine kolayca ula\u015f\u0131yor.<br \/>\n<br \/>Ula\u015f\u0131mda \u00f6\u011frencilere pozitif ayr\u0131mc\u0131l\u0131k<br \/>\n<br \/>Ba\u015fkan Aras\u2019\u0131n se\u00e7im vaatlerinden biri olan \u00fcniversite \u00f6\u011frencilerine 1 TL toplu ula\u015f\u0131m uygulamas\u0131 k\u0131sa s\u00fcrede hayata ge\u00e7irildi. Karar, \u00fcniversite \u00f6\u011frencilerinin ula\u015f\u0131m maliyetlerini \u00f6nemli \u00f6l\u00e7\u00fcde azaltarak y\u00fczleri g\u00fcld\u00fcrd\u00fc. Mente\u015feAkyaka hatt\u0131 \u00fcniversite \u00f6\u011frencileri i\u00e7in 1 TL oldu. Bu g\u00fczerg\u00e2h, \u00f6\u011frencilerin yo\u011fun olarak kulland\u0131\u011f\u0131 rota olarak belirlenip indirimli ula\u015f\u0131m hakk\u0131 sa\u011fland\u0131. B\u00fcy\u00fck\u015fehir ayr\u0131ca s\u0131nav g\u00fcnlerinde \u00f6\u011frencilere \u00fccretsiz ula\u015f\u0131m hizmeti sunuyor. Bunun yan\u0131nda, ihtiya\u00e7 sahibi \u00f6\u011frencilerin s\u0131nav \u00fccretleri de B\u00fcy\u00fck\u015fehir taraf\u0131ndan kar\u015f\u0131lan\u0131yor. E\u011fitime destek \u00e7al\u0131\u015fmalar\u0131 kapsam\u0131nda \u00fcniversite yerle\u015fkelerinde s\u0131cak \u00e7orba ikram\u0131 da d\u00fczenli olarak devam ediyor. Ayr\u0131ca 6065 ya\u015f aras\u0131ndaki vatanda\u015flar ve \u00f6\u011fretmenler de indirimli ula\u015f\u0131m hakk\u0131ndan yararlanabiliyor. 0-4 ya\u015f aras\u0131ndaki \u00e7ocu\u011fu olan annelere \u00fccretsiz ula\u015f\u0131m imk\u00e2n\u0131 da sa\u011flan\u0131yor.<br \/>\n<br \/>B\u00fcy\u00fck\u015fehir\u2019den sosyal yard\u0131mlara y\u00fczde 73,88 art\u0131\u015f<br \/>\n<br \/>Mu\u011fla B\u00fcy\u00fck\u015fehir Belediyesi, ekonomik \u015fartlar\u0131n vatanda\u015flar \u00fczerindeki etkilerini hafifletmek amac\u0131yla sosyal yard\u0131m kalemlerinde kapsaml\u0131 bir d\u00fczenlemeye gitti. Enflasyon Ara\u015ft\u0131rma Grubu (ENAG) verileri dikkate al\u0131narak yap\u0131lan g\u00fcncellemelerle bir\u00e7ok destek program\u0131nda y\u00fczde 73,88 oran\u0131nda art\u0131\u015f ger\u00e7ekle\u015ftirildi.<br \/>\n<br \/>Ailelere ve emeklilere d\u00fczenli destek<br \/>\n<br \/>B\u00fcy\u00fck\u015fehir Belediyesi, Mu\u011fla Kart \u00fczerinden ihtiya\u00e7 sahibi ailelere her ay d\u00fczenli \u00f6deme yaparken, emeklilere de destek paketleri ula\u015ft\u0131r\u0131yor. Yeni do\u011fan bebekler i\u00e7in ailelere &#8220;Ho\u015f Geldin Bebek&#8221; paketleri veriliyor.<br \/>\n<br \/>\u00d6\u011frencilere e\u011fitim deste\u011fi<br \/>\n<br \/>\u00d6\u011frenciler i\u00e7in de farkl\u0131 kademelere y\u00f6nelik destekler sa\u011flan\u0131yor. \u0130lk\u00f6\u011fretim ve lise \u00f6\u011frencilerine okul k\u0131yafeti yard\u0131m\u0131, beslenme deste\u011fi sunulurken; \u00fcniversite, ilk\u00f6\u011fretim ve lise \u00f6\u011frencilerine k\u0131rtasiye deste\u011fi sa\u011flan\u0131yor.<br \/>\n<br \/>Kara k\u0131\u015f deste\u011fi<br \/>\n<br \/>K\u0131\u015f aylar\u0131nda vatanda\u015flar\u0131n temel ihtiya\u00e7lar\u0131n\u0131 kar\u015f\u0131layabilmesi i\u00e7in &#8220;Kara K\u0131\u015f Yard\u0131m\u0131&#8221; program\u0131 da devam ediyor. B\u00f6ylece dar gelirli ailelerin so\u011fuk k\u0131\u015f g\u00fcnlerinde y\u00fck\u00fc hafifletiliyor.<br \/>\n<br \/>K\u0131sa Mola Merkezleri<br \/>\n<br \/>\u00d6zel ihtiya\u00e7l\u0131 bireyler i\u00e7in a\u00e7\u0131lan K\u0131sa Mola Merkezleri 8 il\u00e7eye yay\u0131ld\u0131. Bu merkezlerde aileler nefes al\u0131rken \u00f6zel bireyler g\u00fcvenli ortamda vakit ge\u00e7iriyor. K\u0131sa s\u00fcrede 4 yeni k\u0131sa mola merkezini hizmete a\u00e7arak merkez say\u0131s\u0131n\u0131 8\u2019e \u00e7\u0131karan B\u00fcy\u00fck\u015fehir, tamamlamak \u00fczere oldu\u011fu Dalaman K\u0131sa Mola Merkezi\u2019nin a\u00e7\u0131l\u0131\u015f\u0131 i\u00e7in haz\u0131rl\u0131klar\u0131n\u0131 s\u00fcrd\u00fcr\u00fcyor.<br \/>\n<br \/>Bay\u0131r, Yata\u011fan ve Ye\u015filyurt\u2019a Kad\u0131n Ya\u015fam Merkezi<br \/>\n<br \/>Mente\u015fe il\u00e7esinin Bay\u0131r Mahallesi\u2019nde Cumhuriyet Meydan\u0131\u2019nda hizmete giren Bay\u0131r Kad\u0131n Ya\u015fam Merkezi, kad\u0131nlar\u0131n sosyalle\u015febilece\u011fi, e\u011fitim alabilece\u011fi ve becerilerini geli\u015ftirebilece\u011fi bir alan sunuyor. Merkezde, kad\u0131nlar i\u00e7in mutfak, diki\u015f, pastac\u0131l\u0131k ve t\u0131rnak bak\u0131m\u0131 gibi at\u00f6lyeler d\u00fczenleniyor. Ayr\u0131ca, psikolojik ve hukuki destek hizmetleri de sa\u011flan\u0131yor. Merkezdeki \u00e7ocuk oyun alan\u0131 sayesinde anneler, e\u011fitimlere kat\u0131l\u0131rken \u00e7ocuklar\u0131 g\u00fcvenli bir ortamda vakit ge\u00e7irebiliyor.<br \/>\n<br \/>Yata\u011fan il\u00e7esinde, Yata\u011fan Belediyesi i\u015f birli\u011fiyle a\u00e7\u0131lan Kad\u0131n Ya\u015fam ve Sosyal Hizmet Merkezi, kad\u0131nlara sosyal destek ve dayan\u0131\u015fma alan\u0131 sunuyor. Merkezde, kad\u0131nlar\u0131n ekonomik ve sosyal hayatta daha aktif rol alabilmeleri i\u00e7in \u00e7e\u015fitli hizmetler ve at\u00f6lyeler bulunuyor. Mente\u015fe il\u00e7esinin Ye\u015filyurt Mahallesi\u2019nde a\u00e7\u0131lan Ye\u015filyurt Kad\u0131n Ya\u015fam Merkezi, kad\u0131nlara sosyal destek ve dayan\u0131\u015fma alan\u0131 sunuyor. Merkezde, kad\u0131nlar\u0131n meslek edinmelerine ve sosyal hayata kat\u0131lmalar\u0131na yard\u0131mc\u0131 olacak \u00e7e\u015fitli hizmetler ve at\u00f6lyeler d\u00fczenleniyor.<br \/>\n<br \/>Evde bak\u0131m hizmeti ile ailelere b\u00fcy\u00fck destek<br \/>\n<br \/>Mu\u011fla B\u00fcy\u00fck\u015fehir Belediyesi, ya\u015fl\u0131, engelli ve bak\u0131ma muhta\u00e7 vatanda\u015flar\u0131n ya\u015fam kalitelerini art\u0131rmak amac\u0131yla kapsaml\u0131 bir evde bak\u0131m hizmeti sunuyor. Bu hizmet, 574 mahalleye ula\u015farak, vatanda\u015flar\u0131n evlerinde sa\u011fl\u0131k ve bak\u0131m hizmeti almas\u0131n\u0131 sa\u011fl\u0131yor.<br \/>\n<br \/>\u00d6\u011frencilere bar\u0131nma deste\u011fi<br \/>\n<br \/>\u00dcniversite \u00f6\u011frencilerinin bar\u0131nma sorununa \u00e7\u00f6z\u00fcm sunmak amac\u0131yla ilk olarak Seydikemer Gen\u00e7lik Evileri\u2019ni hizmete a\u00e7an B\u00fcy\u00fck\u015fehir Belediyesi, bu y\u00f6nde \u00e7al\u0131\u015fmalar\u0131n\u0131 s\u00fcrd\u00fcr\u00fcyor.<br \/>\n<br \/>\u00dcnsal Pa\u015fal\u0131: &#8220;Sosyal belediyecili\u011fe \u00f6ncelik veriyoruz&#8221;<br \/>\n<br \/>Mu\u011fla B\u00fcy\u00fck\u015fehir Belediyesi Sa\u011fl\u0131k ve Sosyal Hizmetler Dairesi Ba\u015fkan\u0131 \u00dcnsal Pa\u015fal\u0131, &#8220;B\u00fcy\u00fck\u015fehir Belediye Ba\u015fkan\u0131m\u0131z Say\u0131n Ahmet Aras\u2019\u0131n vatanda\u015f odakl\u0131 hizmet anlay\u0131\u015f\u0131yla sosyal belediyecilik projelerine \u00f6ncelik veriyoruz. Evde Bak\u0131mdan, T\u00fcrkiye\u2019de ilk olan K\u0131sa Mola Hizmetine, G\u00fcnd\u00fcz Bak\u0131mevlerinden Ho\u015f geldin Bebek\u2019e 7\u2019den 70\u2019e t\u00fcm hem\u015fehrilerimize dokunan, onlar\u0131n yan\u0131nda olan hizmetleri hayata ge\u00e7iriyoruz. Sosyal yard\u0131mlar\u0131m\u0131z\u0131 Mu\u011flaKart b\u00fcnyesine alarak y\u00fczde 75 artt\u0131rd\u0131k. Sosyal desteklerimiz ile vatanda\u015flar\u0131m\u0131z\u0131n hayat\u0131n\u0131 kolayla\u015ft\u0131ran, onlar\u0131n yaln\u0131z olmad\u0131\u011f\u0131n\u0131 hissettiren hizmet ve projelerimize devam edece\u011fiz.&#8221; diye konu\u015ftu.<br \/>\n<br \/>Ba\u015fkan Aras: &#8220;Sosyal yard\u0131mlar\u0131m\u0131zla vatanda\u015flar\u0131m\u0131z\u0131n yan\u0131nda olmaya devam edece\u011fiz&#8221;<br \/>\n<br \/>K\u0131y\u0131 Ege Belediyeler Birli\u011fi ve Mu\u011fla B\u00fcy\u00fck\u015fehir Belediye Ba\u015fkan\u0131 Ahmet Aras il genelinde 7\u2019den 70\u2019e t\u00fcm vatanda\u015flar\u0131 ilgilendiren sosyal projeleri hayata ge\u00e7irdiklerini ve bu projelerin di\u011fer belediyelere de \u00f6rnek oldu\u011funu s\u00f6yledi. Ba\u015fkan Aras; &#8220;\u00dclkemizin i\u00e7inde bulundu\u011fu ekonomik ve sosyal \u015fartlar nedeniyle t\u00fcm hem\u015fehrilerimizin yan\u0131nda olmak i\u00e7in sosyal belediyecilik projelerimize \u00f6ncelik verdik. Bebeklerimizden, en k\u0131ymetlimiz annelerimize, \u00f6\u011frencilerimizden kad\u0131nlar\u0131m\u0131za, ya\u015fl\u0131lar\u0131m\u0131zdan, engellilerimize t\u00fcm hem\u015fehrilerimizin y\u00fczlerini g\u00fcld\u00fcren, ya\u015fam standartlar\u0131n\u0131 artt\u0131ran projeleri hayata ge\u00e7iriyoruz. Sosyal belediyecilik alan\u0131nda hayata ge\u00e7irdi\u011fimiz bir\u00e7ok proje di\u011fer belediyelerimize de \u00f6rnek oluyor. Ekonomik ve sosyal olarak hem\u015fehrilerimize destek ve umut olmaya devam edece\u011fiz&#8221;<br \/><\/p>\n","protected":false},"excerpt":{"rendered":"<p>Mu\u011fla B\u00fcy\u00fck\u015fehir Belediyesi sosyal belediyecilik alan\u0131nda \u00f6rnek \u00e7al\u0131\u015fmalar\u0131yla vatanda\u015flar\u0131n yan\u0131nda olmaya devam ediyor. T\u00fcrkiye\u2019de ilk olan K\u0131sa Mola, G\u00fcnd\u00fcz Bak\u0131mevleri, Evde Bak\u0131m Hizmetleri, \u00f6\u011frencilere, emeklilere, kad\u0131nlara y\u00f6nelik hizmetleri hayata ge\u00e7iren B\u00fcy\u00fck\u015fehir Belediyesi, hem \u015fehir merkezinde hem de k\u0131rsal b\u00f6lgelerde ya\u015fam kalitesini y\u00fckseltmeyi hedefliyor. G\u00fcnd\u00fcz Bak\u0131mevleri il geneline yay\u0131l\u0131yor Ba\u015fkan Aras\u2019\u0131n \u00f6nc\u00fcl\u00fc\u011f\u00fcnde hayata ge\u00e7irilen Emin Eller&#8230;<\/p>\n","protected":false},"author":1,"featured_media":56539,"comment_status":"open","ping_status":"open","sticky":false,"template":"","format":"standard","meta":{"_crdt_document":"","footnotes":""},"categories":[123],"tags":[],"class_list":["post-56538","post","type-post","status-publish","format-standard","has-post-thumbnail","hentry","category-gundem"],"_links":{"self":[{"href":"https:\/\/www.egemtv.com\/index.php?rest_route=\/wp\/v2\/posts\/56538","targetHints":{"allow":["GET"]}}],"collection":[{"href":"https:\/\/www.egemtv.com\/index.php?rest_route=\/wp\/v2\/posts"}],"about":[{"href":"https:\/\/www.egemtv.com\/index.php?rest_route=\/wp\/v2\/types\/post"}],"author":[{"embeddable":true,"href":"https:\/\/www.egemtv.com\/index.php?rest_route=\/wp\/v2\/users\/1"}],"replies":[{"embeddable":true,"href":"https:\/\/www.egemtv.com\/index.php?rest_route=%2Fwp%2Fv2%2Fcomments&post=56538"}],"version-history":[{"count":1,"href":"https:\/\/www.egemtv.com\/index.php?rest_route=\/wp\/v2\/posts\/56538\/revisions"}],"predecessor-version":[{"id":56540,"href":"https:\/\/www.egemtv.com\/index.php?rest_route=\/wp\/v2\/posts\/56538\/revisions\/56540"}],"wp:featuredmedia":[{"embeddable":true,"href":"https:\/\/www.egemtv.com\/index.php?rest_route=\/wp\/v2\/media\/56539"}],"wp:attachment":[{"href":"https:\/\/www.egemtv.com\/index.php?rest_route=%2Fwp%2Fv2%2Fmedia&parent=56538"}],"wp:term":[{"taxonomy":"category","embeddable":true,"href":"https:\/\/www.egemtv.com\/index.php?rest_route=%2Fwp%2Fv2%2Fcategories&post=56538"},{"taxonomy":"post_tag","embeddable":true,"href":"https:\/\/www.egemtv.com\/index.php?rest_route=%2Fwp%2Fv2%2Ftags&post=56538"}],"curies":[{"name":"wp","href":"https:\/\/api.w.org\/{rel}","templated":true}]}}