{"id":56535,"date":"2025-09-22T15:55:14","date_gmt":"2025-09-22T12:55:14","guid":{"rendered":"https:\/\/www.egemtv.com\/?p=56535"},"modified":"2025-09-22T15:55:15","modified_gmt":"2025-09-22T12:55:15","slug":"baskan-ozmeric-basit-usul-kalkarsa-ciddi-sorunlar-yasanir","status":"publish","type":"post","link":"https:\/\/www.egemtv.com\/?p=56535","title":{"rendered":"Ba\u015fkan \u00d6zmeri\u00e7; &#8220;Basit usul kalkarsa ciddi sorunlar ya\u015fan\u0131r&#8221;"},"content":{"rendered":"<p>Ayd\u0131n \u015eof\u00f6rler Odas\u0131 Ba\u015fkan\u0131 Semih \u00d6zmeri\u00e7, Ahilik Haftas\u0131 dolay\u0131s\u0131yla yapt\u0131\u011f\u0131 a\u00e7\u0131klamada T\u00fcrkler\u2019de Sel\u00e7uklu d\u00f6neminde ba\u015flay\u0131p Osmanl\u0131 d\u00f6neminde devam ederek g\u00fcn\u00fcm\u00fcze kadar ula\u015fan ahilik gelene\u011finin son al\u0131nan kararlar ile ciddi s\u0131k\u0131nt\u0131ya d\u00fc\u015ft\u00fc\u011f\u00fcn\u00fc kaydetti. \u00d6zmeri\u00e7, k\u00fc\u00e7\u00fck esnaf ve sanatlar\u0131n basit usulden ger\u00e7ek usul vergilendirme sistemine dahil edilmesi karar\u0131 ile oda aidatlar\u0131n\u0131n \u00f6denmesine ili\u015fkin d\u00fczenlemenin yeniden g\u00f6zden ge\u00e7irilmesini beklediklerini s\u00f6yledi.<br \/>\n<br \/>Ayn\u0131 zamanda karde\u015flik anlam\u0131na gelen ahili\u011fin, Sel\u00e7uklu ve Osmanl\u0131 d\u00f6nemlerinde Anadolu\u2019da ya\u015fayan halk\u0131n sanat, ticaret, ekonomi gibi \u00e7e\u015fitli meslek alanlar\u0131nda yeti\u015fmelerini sa\u011flayan, onlar\u0131 ahlaki y\u00f6nden yeti\u015ftiren, \u00e7al\u0131\u015fma ya\u015fam\u0131n\u0131 iyi insan meziyetlerini esas olarak d\u00fczenleyen bir kurum oldu\u011funu kaydeden Semih \u00d6zmeri\u00e7,  &#8220;Bu memlekette tarihten bu yana ya\u015fanan her s\u0131k\u0131nt\u0131 esnaf ve sanatkar\u0131n fedakarl\u0131\u011f\u0131 ile \u00e7\u00f6z\u00fclmeye \u00e7al\u0131\u015f\u0131lm\u0131\u015ft\u0131r. D\u00fcnyan\u0131n belki hi\u00e7bir yerinde g\u00f6r\u00fclmeyen esnaf-vatanda\u015f dayan\u0131\u015fmas\u0131 halen \u00fclkemizde devam ediyorsa bunun da temelinde ahilik k\u00fclt\u00fcr\u00fcn\u00fcn etkisi b\u00fcy\u00fckt\u00fcr&#8221; diyerek T\u00fcrkiye\u2019de i\u015fini lay\u0131k\u0131yla yapmaya \u00e7al\u0131\u015fan esnaf ve sanatkar\u0131n sadece bir i\u015fletme gibi de\u011fil ayn\u0131 zamanda bu toplumun de\u011ferlerini koruyan ki\u015fi ve kurumlar gibi g\u00f6r\u00fclmesini beklediklerini s\u00f6yledi.<br \/>\n<br \/>\u00dclkemizde baz\u0131 de\u011ferlerin yozla\u015fmas\u0131ndan kom\u015fuluk ili\u015fkilerinin zay\u0131flamas\u0131na kadar her ge\u00e7en g\u00fcn yok olmaya y\u00fcz tutan g\u00fczel hasletlerin, sadece ekonomiyi \u00f6n planda tutan zincir i\u015fletmelerin \u00e7o\u011falmas\u0131na paralel olarak t\u00fckendi\u011fine dikkat \u00e7eken \u00d6zmeri\u00e7, &#8220;Ayd\u0131n \u015eof\u00f6rler Odas\u0131 olarak kurulca planlanan \u00e7e\u015fitli etkinliklere kat\u0131lmakla beraber esnaf\u0131m\u0131z\u0131n ve esnaf odalar\u0131m\u0131z\u0131n sorunlar\u0131n\u0131n da bu hafta i\u00e7erisinde g\u00fcndeme getirilmesinin daha faydal\u0131 olaca\u011f\u0131 inanc\u0131nday\u0131m. Maalesef  01 Ocak 2026 tarihinden itibaren basit usul m\u00fckelleflerin ger\u00e7ek usulde vergilendirilmesi s\u00f6z konusu.  Ger\u00e7ek usul vergi sisteminin y\u00fcr\u00fcrl\u00fckteki haliyle uygulanmas\u0131 her esnaf\u0131 zor duruma sokaca\u011f\u0131 gibi \u015fof\u00f6r esnaf\u0131n\u0131 ekonomik olarak daha da b\u00fcy\u00fck zorluklarla kar\u015f\u0131 kar\u015f\u0131ya b\u0131rakacakt\u0131r. Odam\u0131z, \u00fcst kurulu\u015flar\u0131m\u0131z ve esnaf\u0131m\u0131zla yapm\u0131\u015f oldu\u011fumuz toplant\u0131lar ve ara\u015ft\u0131rmalar neticesinde ger\u00e7ek usule ge\u00e7ilirken has\u0131lat esas\u0131na g\u00f6re vergilendirme sistemine ge\u00e7ilmesinin (Elektronik bilet kullanan halk otob\u00fcslerindeki sistemin t\u00fcm esnafa uygun hale getirilmesi i\u00e7in yasal d\u00fczenleme yap\u0131lmas\u0131) uygun olaca\u011f\u0131 g\u00f6r\u00fc\u015f\u00fcndeyiz. Ayr\u0131ca esnaf odalar\u0131m\u0131zda basit usul muhasebe sistemi birimleri vard\u0131r. Bu sayede esnaf\u0131m\u0131z makul \u00fccretlerle muhasebe kay\u0131tlar\u0131n\u0131 tutturmaktad\u0131rlar. Odalar\u0131m\u0131zdaki basit usul muhasebe birimlerinin has\u0131lat esas\u0131na g\u00f6re vergi sistemine ge\u00e7ilirse bu kay\u0131tlar\u0131n da tutulmas\u0131 i\u00e7in gerekli izinler verilerek y\u00fcr\u00fcrl\u00fckteki esnaf lehine tasarruf sa\u011flanmal\u0131d\u0131r. Has\u0131lat esas\u0131na g\u00f6re vergi sisteminde halk otob\u00fcsleri has\u0131latlar\u0131n\u0131n y\u00fczde 1,5 lik k\u0131sm\u0131n\u0131 KDV ve has\u0131latlar\u0131n\u0131n Y\u00fczde 10\u2019luk k\u0131sm\u0131n\u0131n y\u00fczde 15\u2019ini vergi olarak \u00f6demektedirler. Zaten Anayasan\u0131n 173. Maddesinde \u2018Devlet esnaf ve sanatkar\u0131 koruyucu kollay\u0131c\u0131 tedbirler al\u0131r\u2019 diyerek k\u00fc\u00e7\u00fck esnaf\u0131n istihdama ve ekonomiye katk\u0131da bulunmas\u0131n\u0131 ama\u00e7lam\u0131\u015ft\u0131r. Ayr\u0131ca 8 Eyl\u00fcl 2025 tarihinden itibaren ilimizdeki esnaf odalar\u0131n\u0131n pilot b\u00f6lge olarak se\u00e7ilmesi dolay\u0131s\u0131yla \u00f6ncelik oda kay\u0131t belgesi evrak \u00fccretlerinin elektronik bankac\u0131l\u0131k sistemi \u00fczerinden yap\u0131lma zorunlulu\u011fu \u015fimdiden esnaf\u0131m\u0131z ve odalar\u0131m\u0131z ad\u0131na b\u00fcy\u00fck zorluklar do\u011furmaktad\u0131r. \u015e\u00f6yle ki evrak almaya odam\u0131za gelen esnaf \u00fcyemiz \u00f6demeyi elektronik bankac\u0131l\u0131ktan ba\u015fka se\u00e7enekle yapamamaktad\u0131r. Yani, kredi kart\u0131 veya nakit \u00f6deme kabul edilmemektedir. Ayn\u0131 zamanda bu i\u015flem sadece bir bankadan yap\u0131labilmektedir. Malum olundu\u011fu \u00fczere herkesin o bankaya ait elektronik hesab\u0131 olmayabilmekte veya herhangi bir sebepten kullanamamas\u0131 hayat\u0131n ola\u011fan ak\u0131\u015f\u0131nda m\u00fcmk\u00fcn olmaktad\u0131r. Bu durumda hem \u00fcyelerimiz belge alamamakta ve buna ba\u011fl\u0131 i\u015flemler aksamaktad\u0131r. Oda aidatlar\u0131 ve kay\u0131t \u00fccretlerinin de ileride b\u00f6yle tahsil edilecek olmas\u0131 odalar\u0131m\u0131z\u0131 ve esnaf\u0131m\u0131z\u0131 maddi ve manevi zor duruma sokaca\u011f\u0131 d\u00fc\u015f\u00fcn\u00fclmektedir. Zaten aidat tahsilat\u0131nda g\u00fc\u00e7l\u00fck \u00e7eken odalar\u0131m\u0131z \u00e7o\u011fu zaman esnaf\u0131n i\u015fyerine giderek tahsilat hizmeti bile yap\u0131lmaktad\u0131r. Buna olanak sa\u011flamayan bu sistemden bir an \u00f6nce vazge\u00e7ilmesini talep ediyoruz. Aksi takdirde Esnaf Odalar\u0131\u2019n\u0131n mali \u00e7\u0131kmaz i\u00e7erisine girmesi s\u00f6z konusu olacakt\u0131r&#8221; diyerek esnaf ve sanatkar\u0131n Ahilik haftas\u0131n\u0131 kutlay\u0131p, yetkililerden de bu sorunlara  \u00e7\u00f6z\u00fcm beklediklerini kaydetti.<br \/><\/p>\n","protected":false},"excerpt":{"rendered":"<p>Ayd\u0131n \u015eof\u00f6rler Odas\u0131 Ba\u015fkan\u0131 Semih \u00d6zmeri\u00e7, Ahilik Haftas\u0131 dolay\u0131s\u0131yla yapt\u0131\u011f\u0131 a\u00e7\u0131klamada T\u00fcrkler\u2019de Sel\u00e7uklu d\u00f6neminde ba\u015flay\u0131p Osmanl\u0131 d\u00f6neminde devam ederek g\u00fcn\u00fcm\u00fcze kadar ula\u015fan ahilik gelene\u011finin son al\u0131nan kararlar ile ciddi s\u0131k\u0131nt\u0131ya d\u00fc\u015ft\u00fc\u011f\u00fcn\u00fc kaydetti. \u00d6zmeri\u00e7, k\u00fc\u00e7\u00fck esnaf ve sanatlar\u0131n basit usulden ger\u00e7ek usul vergilendirme sistemine dahil edilmesi karar\u0131 ile oda aidatlar\u0131n\u0131n \u00f6denmesine ili\u015fkin d\u00fczenlemenin yeniden g\u00f6zden ge\u00e7irilmesini&#8230;<\/p>\n","protected":false},"author":1,"featured_media":56536,"comment_status":"open","ping_status":"open","sticky":false,"template":"","format":"standard","meta":{"_crdt_document":"","footnotes":""},"categories":[1],"tags":[],"class_list":["post-56535","post","type-post","status-publish","format-standard","has-post-thumbnail","hentry","category-guncel"],"_links":{"self":[{"href":"https:\/\/www.egemtv.com\/index.php?rest_route=\/wp\/v2\/posts\/56535","targetHints":{"allow":["GET"]}}],"collection":[{"href":"https:\/\/www.egemtv.com\/index.php?rest_route=\/wp\/v2\/posts"}],"about":[{"href":"https:\/\/www.egemtv.com\/index.php?rest_route=\/wp\/v2\/types\/post"}],"author":[{"embeddable":true,"href":"https:\/\/www.egemtv.com\/index.php?rest_route=\/wp\/v2\/users\/1"}],"replies":[{"embeddable":true,"href":"https:\/\/www.egemtv.com\/index.php?rest_route=%2Fwp%2Fv2%2Fcomments&post=56535"}],"version-history":[{"count":1,"href":"https:\/\/www.egemtv.com\/index.php?rest_route=\/wp\/v2\/posts\/56535\/revisions"}],"predecessor-version":[{"id":56537,"href":"https:\/\/www.egemtv.com\/index.php?rest_route=\/wp\/v2\/posts\/56535\/revisions\/56537"}],"wp:featuredmedia":[{"embeddable":true,"href":"https:\/\/www.egemtv.com\/index.php?rest_route=\/wp\/v2\/media\/56536"}],"wp:attachment":[{"href":"https:\/\/www.egemtv.com\/index.php?rest_route=%2Fwp%2Fv2%2Fmedia&parent=56535"}],"wp:term":[{"taxonomy":"category","embeddable":true,"href":"https:\/\/www.egemtv.com\/index.php?rest_route=%2Fwp%2Fv2%2Fcategories&post=56535"},{"taxonomy":"post_tag","embeddable":true,"href":"https:\/\/www.egemtv.com\/index.php?rest_route=%2Fwp%2Fv2%2Ftags&post=56535"}],"curies":[{"name":"wp","href":"https:\/\/api.w.org\/{rel}","templated":true}]}}