{"id":56532,"date":"2025-09-22T15:34:48","date_gmt":"2025-09-22T12:34:48","guid":{"rendered":"https:\/\/www.egemtv.com\/?p=56532"},"modified":"2025-09-22T15:34:49","modified_gmt":"2025-09-22T12:34:49","slug":"mugla-buyuksehir-itfaiyesinden-marinalarda-yangin-guvenligi-denetimi","status":"publish","type":"post","link":"https:\/\/www.egemtv.com\/?p=56532","title":{"rendered":"Mu\u011fla B\u00fcy\u00fck\u015fehir itfaiyesinden marinalarda yang\u0131n g\u00fcvenli\u011fi denetimi"},"content":{"rendered":"<p>Mu\u011fla B\u00fcy\u00fck\u015fehir Belediyesi \u0130tfaiye Dairesi Ba\u015fkanl\u0131\u011f\u0131 \u00f6nleme ve denetim birimi ile Zab\u0131ta ekipleri, yang\u0131n g\u00fcvenli\u011fi tedbirlerini art\u0131rmak amac\u0131yla il genelinde marina, liman ve \u00e7ekek yerlerinde denetimlerini s\u00fcrd\u00fcr\u00fcyor.<br \/>\n<br \/>2025 y\u0131l\u0131n\u0131n ba\u015f\u0131ndan bu yana y\u00fcr\u00fct\u00fclen \u00e7al\u0131\u015fmalar kapsam\u0131nda, yang\u0131n riskini en aza indirmek i\u00e7in marina ve limanlarda yang\u0131n dolaplar\u0131, yang\u0131n pompalar\u0131, pedestal ve yang\u0131n s\u00f6nd\u00fcrme t\u00fcpleri titizlikle incelendi. B\u00fcy\u00fck\u015fehir ekipleri 2025 y\u0131l\u0131n\u0131n Ocak ay\u0131ndan itibaren 5 bin 142 i\u015fletmede yang\u0131n g\u00fcvenli\u011fi denetimi ger\u00e7ekle\u015ftirdi.<br \/>\n<br \/>Denetimlerde ekipler, muhtemel bir yang\u0131n an\u0131nda h\u0131zl\u0131 m\u00fcdahaleyi sa\u011flayacak ekipmanlar\u0131n uygunlu\u011fu, \u00e7al\u0131\u015fabilirli\u011fi ve mevzuata uygunlu\u011fu \u00fczerinde yo\u011funla\u015f\u0131yor. Eksiklik tespit edilen i\u015fletmelerin yang\u0131n g\u00fcvenli\u011fi standartlar\u0131n\u0131 h\u0131zla tamamlamalar\u0131 sa\u011flan\u0131yor.<br \/>\n<br \/>Ba\u015fkan Aras: &#8220;Yang\u0131n riskini en aza indirmek \u00f6nceli\u011fimiz&#8221;<br \/>\n<br \/>K\u0131y\u0131 Ege Belediyeler Birli\u011fi ve Mu\u011fla B\u00fcy\u00fck\u015fehir Belediye Ba\u015fkan\u0131 Ahmet Aras, yap\u0131lan denetimlerin \u00f6nemine dikkat \u00e7ekerek \u015funlar\u0131 s\u00f6yledi:<br \/>\n<br \/>&#8220;Mu\u011fla\u2019m\u0131z, k\u0131y\u0131lar\u0131 ve limanlar\u0131yla T\u00fcrkiye\u2019nin en \u00f6nemli denizcilik merkezlerinden biri. Bu alanlarda meydana gelebilecek bir yang\u0131n sadece teknelere de\u011fil, do\u011faya ve t\u00fcm kent ya\u015fam\u0131na zarar verebilir. Biz de B\u00fcy\u00fck\u015fehir Belediyesi olarak yang\u0131n g\u00fcvenli\u011fi \u00f6nlemlerini en \u00fcst seviyede tutuyor, d\u00fczenli denetimlerle riskleri en aza indirmeyi hedefliyoruz. Halk\u0131m\u0131z\u0131n g\u00fcvenli\u011fi, kentin s\u00fcrd\u00fcr\u00fclebilirli\u011fi ve do\u011fal miras\u0131m\u0131z\u0131n korunmas\u0131 i\u00e7in \u00e7al\u0131\u015fmalar\u0131m\u0131za kararl\u0131l\u0131kla devam edece\u011fiz&#8221; dedi.<br \/><\/p>\n","protected":false},"excerpt":{"rendered":"<p>Mu\u011fla B\u00fcy\u00fck\u015fehir Belediyesi \u0130tfaiye Dairesi Ba\u015fkanl\u0131\u011f\u0131 \u00f6nleme ve denetim birimi ile Zab\u0131ta ekipleri, yang\u0131n g\u00fcvenli\u011fi tedbirlerini art\u0131rmak amac\u0131yla il genelinde marina, liman ve \u00e7ekek yerlerinde denetimlerini s\u00fcrd\u00fcr\u00fcyor. 2025 y\u0131l\u0131n\u0131n ba\u015f\u0131ndan bu yana y\u00fcr\u00fct\u00fclen \u00e7al\u0131\u015fmalar kapsam\u0131nda, yang\u0131n riskini en aza indirmek i\u00e7in marina ve limanlarda yang\u0131n dolaplar\u0131, yang\u0131n pompalar\u0131, pedestal ve yang\u0131n s\u00f6nd\u00fcrme t\u00fcpleri titizlikle incelendi&#8230;.<\/p>\n","protected":false},"author":1,"featured_media":56533,"comment_status":"open","ping_status":"open","sticky":false,"template":"","format":"standard","meta":{"_crdt_document":"","footnotes":""},"categories":[5],"tags":[],"class_list":["post-56532","post","type-post","status-publish","format-standard","has-post-thumbnail","hentry","category-asayis"],"_links":{"self":[{"href":"https:\/\/www.egemtv.com\/index.php?rest_route=\/wp\/v2\/posts\/56532","targetHints":{"allow":["GET"]}}],"collection":[{"href":"https:\/\/www.egemtv.com\/index.php?rest_route=\/wp\/v2\/posts"}],"about":[{"href":"https:\/\/www.egemtv.com\/index.php?rest_route=\/wp\/v2\/types\/post"}],"author":[{"embeddable":true,"href":"https:\/\/www.egemtv.com\/index.php?rest_route=\/wp\/v2\/users\/1"}],"replies":[{"embeddable":true,"href":"https:\/\/www.egemtv.com\/index.php?rest_route=%2Fwp%2Fv2%2Fcomments&post=56532"}],"version-history":[{"count":1,"href":"https:\/\/www.egemtv.com\/index.php?rest_route=\/wp\/v2\/posts\/56532\/revisions"}],"predecessor-version":[{"id":56534,"href":"https:\/\/www.egemtv.com\/index.php?rest_route=\/wp\/v2\/posts\/56532\/revisions\/56534"}],"wp:featuredmedia":[{"embeddable":true,"href":"https:\/\/www.egemtv.com\/index.php?rest_route=\/wp\/v2\/media\/56533"}],"wp:attachment":[{"href":"https:\/\/www.egemtv.com\/index.php?rest_route=%2Fwp%2Fv2%2Fmedia&parent=56532"}],"wp:term":[{"taxonomy":"category","embeddable":true,"href":"https:\/\/www.egemtv.com\/index.php?rest_route=%2Fwp%2Fv2%2Fcategories&post=56532"},{"taxonomy":"post_tag","embeddable":true,"href":"https:\/\/www.egemtv.com\/index.php?rest_route=%2Fwp%2Fv2%2Ftags&post=56532"}],"curies":[{"name":"wp","href":"https:\/\/api.w.org\/{rel}","templated":true}]}}