{"id":56529,"date":"2025-09-22T15:34:47","date_gmt":"2025-09-22T12:34:47","guid":{"rendered":"https:\/\/www.egemtv.com\/?p=56529"},"modified":"2025-09-22T15:34:48","modified_gmt":"2025-09-22T12:34:48","slug":"mentese-belediyesi-kent-lokantasi-koteklide-hizmete-acildi","status":"publish","type":"post","link":"https:\/\/www.egemtv.com\/?p=56529","title":{"rendered":"Mente\u015fe Belediyesi Kent Lokantas\u0131 K\u00f6tekli\u2019de hizmete a\u00e7\u0131ld\u0131"},"content":{"rendered":"<p>Mu\u011fla\u2019n\u0131n Mente\u015fe il\u00e7esinde, \u00f6\u011frencilerin yo\u011funlukta oldu\u011fu K\u00f6tekli Mahallesi\u2019nde Mente\u015fe Belediyesi Kent Lokantas\u0131 a\u00e7\u0131ld\u0131. 28 bin 500 \u00f6\u011frenci kapasiteli mahallede hizmet vermeye ba\u015flayan lokanta, 4 \u00e7e\u015fit yeme\u011fi 120 TL kar\u015f\u0131l\u0131\u011f\u0131nda sunacak. Lokantada Mu\u011fla Kart sahipleri i\u00e7in \u00f6zel indirimler ve ihtiya\u00e7 sahibi \u00f6\u011frencilere \u00fccretsiz yemek imkan\u0131 da sa\u011flan\u0131yor.<\/p>\n<p>Mente\u015fe Belediye Ba\u015fkan\u0131 Gonca K\u00f6ksal Aras, Mente\u015fe\u2019deki ikinci kent lokantas\u0131n\u0131n a\u00e7\u0131l\u0131\u015f\u0131 oldu\u011funu belirterek, lokantan\u0131n, \u00fcniversitenin \u00e7\u0131k\u0131\u015f kap\u0131s\u0131na yak\u0131n, \u00f6\u011frencilerin kolayca ula\u015fabilece\u011fi bir noktaya kuruldu\u011funu s\u00f6yledi.<br \/>\n<br \/>Ba\u015fkan K\u00f6ksal Aras, \u00f6\u011frencilerden gelen taleplere g\u00f6re \u00e7al\u0131\u015fma saatlerinin ve men\u00fclerin yeniden d\u00fczenlenebilece\u011fini, \u00f6zellikle ak\u015fam saatlerinde hizmet verme konusunu de\u011ferlendireceklerini ifade etti. \u00d6\u011frencilerin tercihlerine g\u00f6re men\u00fclere daha fazla sebze veya et yeme\u011fi eklenmesi gibi de\u011fi\u015fiklikler yap\u0131labilece\u011fi de belirtildi.<\/p>\n<p>Mu\u011fla B\u00fcy\u00fck\u015fehir Belediye Ba\u015fkan\u0131 Ahmet Aras ise kent lokantalar\u0131n\u0131n dar gelirli vatanda\u015flar ve \u00f6\u011frenciler i\u00e7in onurlu bir hizmet sundu\u011funu vurgulad\u0131. Yemeklerin d\u00fc\u015f\u00fck bir maliyetle sunulmas\u0131n\u0131n, &#8220;sadaka k\u00fclt\u00fcr\u00fc&#8221; de\u011fil, her bireyin kendi imkanlar\u0131 do\u011frultusunda katk\u0131 sa\u011flayarak hizmetten yararlanmas\u0131 esas\u0131na dayand\u0131\u011f\u0131n\u0131 s\u00f6yledi.<\/p>\n<p>Ba\u015fkan Aras, Mu\u011fla Kart\u2019\u0131n sa\u011flad\u0131\u011f\u0131 indirimlere dikkat \u00e7ekerek, \u00f6\u011frencilere Mu\u011fla\u2019ya ikametlerini ald\u0131rmalar\u0131 \u00e7a\u011fr\u0131s\u0131nda bulundu. \u0130kametini Mu\u011fla\u2019ya ta\u015f\u0131yan \u00f6\u011frencilerin sadece kent lokantalar\u0131ndan de\u011fil, ayn\u0131 zamanda belediye hizmetlerinden, ula\u015f\u0131m ve di\u011fer indirimli mekanlardan da avantajl\u0131 bir \u015fekilde yararlanaca\u011f\u0131n\u0131 ifade etti.<\/p>\n<p>Ahmet Aras ayr\u0131ca K\u00f6tekli\u2019de kapsaml\u0131 bir altyap\u0131 \u00e7al\u0131\u015fmas\u0131 ba\u015flatt\u0131klar\u0131n\u0131 ve b\u00f6lgenin \u00e7ehresini tamamen de\u011fi\u015ftireceklerini duyurdu. Bu \u00e7al\u0131\u015fmalar kapsam\u0131nda, ya\u011fmur suyu drenaj\u0131 ve kanalizasyon \u015febekesi yenilenecek. Peyzaj, kald\u0131r\u0131m ve yol d\u00fczenlemeleri yap\u0131lacak. B\u00f6lgeye modern ve tasarruflu ayd\u0131nlatma ile ak\u0131ll\u0131 \u015fehir altyap\u0131s\u0131 entegre edilecek. G\u00fcvenlik kameralar\u0131 ile donat\u0131lacak, \u00f6\u011frencilerin g\u00fcvenli bir ya\u015fam s\u00fcrmesi sa\u011flanacak. Mente\u015fe Belediyesi taraf\u0131ndan yap\u0131lacak gen\u00e7lik merkezine de de\u011finen Aras, b\u00f6lgedeki gen\u00e7lerin ihtiya\u00e7lar\u0131na y\u00f6nelik yeni projeler \u00fcreteceklerini ve belediyeye ait at\u0131l durumdaki her bir noktan\u0131n \u00f6\u011frencilerin kullan\u0131m\u0131na sunulaca\u011f\u0131n\u0131 belirtti.<br \/><\/p>\n","protected":false},"excerpt":{"rendered":"<p>Mu\u011fla\u2019n\u0131n Mente\u015fe il\u00e7esinde, \u00f6\u011frencilerin yo\u011funlukta oldu\u011fu K\u00f6tekli Mahallesi\u2019nde Mente\u015fe Belediyesi Kent Lokantas\u0131 a\u00e7\u0131ld\u0131. 28 bin 500 \u00f6\u011frenci kapasiteli mahallede hizmet vermeye ba\u015flayan lokanta, 4 \u00e7e\u015fit yeme\u011fi 120 TL kar\u015f\u0131l\u0131\u011f\u0131nda sunacak. Lokantada Mu\u011fla Kart sahipleri i\u00e7in \u00f6zel indirimler ve ihtiya\u00e7 sahibi \u00f6\u011frencilere \u00fccretsiz yemek imkan\u0131 da sa\u011flan\u0131yor. Mente\u015fe Belediye Ba\u015fkan\u0131 Gonca K\u00f6ksal Aras, Mente\u015fe\u2019deki ikinci kent&#8230;<\/p>\n","protected":false},"author":1,"featured_media":56530,"comment_status":"open","ping_status":"open","sticky":false,"template":"","format":"standard","meta":{"_crdt_document":"","footnotes":""},"categories":[1],"tags":[],"class_list":["post-56529","post","type-post","status-publish","format-standard","has-post-thumbnail","hentry","category-guncel"],"_links":{"self":[{"href":"https:\/\/www.egemtv.com\/index.php?rest_route=\/wp\/v2\/posts\/56529","targetHints":{"allow":["GET"]}}],"collection":[{"href":"https:\/\/www.egemtv.com\/index.php?rest_route=\/wp\/v2\/posts"}],"about":[{"href":"https:\/\/www.egemtv.com\/index.php?rest_route=\/wp\/v2\/types\/post"}],"author":[{"embeddable":true,"href":"https:\/\/www.egemtv.com\/index.php?rest_route=\/wp\/v2\/users\/1"}],"replies":[{"embeddable":true,"href":"https:\/\/www.egemtv.com\/index.php?rest_route=%2Fwp%2Fv2%2Fcomments&post=56529"}],"version-history":[{"count":1,"href":"https:\/\/www.egemtv.com\/index.php?rest_route=\/wp\/v2\/posts\/56529\/revisions"}],"predecessor-version":[{"id":56531,"href":"https:\/\/www.egemtv.com\/index.php?rest_route=\/wp\/v2\/posts\/56529\/revisions\/56531"}],"wp:featuredmedia":[{"embeddable":true,"href":"https:\/\/www.egemtv.com\/index.php?rest_route=\/wp\/v2\/media\/56530"}],"wp:attachment":[{"href":"https:\/\/www.egemtv.com\/index.php?rest_route=%2Fwp%2Fv2%2Fmedia&parent=56529"}],"wp:term":[{"taxonomy":"category","embeddable":true,"href":"https:\/\/www.egemtv.com\/index.php?rest_route=%2Fwp%2Fv2%2Fcategories&post=56529"},{"taxonomy":"post_tag","embeddable":true,"href":"https:\/\/www.egemtv.com\/index.php?rest_route=%2Fwp%2Fv2%2Ftags&post=56529"}],"curies":[{"name":"wp","href":"https:\/\/api.w.org\/{rel}","templated":true}]}}