{"id":56526,"date":"2025-09-22T15:34:46","date_gmt":"2025-09-22T12:34:46","guid":{"rendered":"https:\/\/www.egemtv.com\/?p=56526"},"modified":"2025-09-22T15:34:47","modified_gmt":"2025-09-22T12:34:47","slug":"ebrari-hayattan-kopartan-asansor-kazasiyla-ilgili-2-tutuklama","status":"publish","type":"post","link":"https:\/\/www.egemtv.com\/?p=56526","title":{"rendered":"Ebrar\u2019\u0131 hayattan kopartan asans\u00f6r kazas\u0131yla ilgili 2 tutuklama"},"content":{"rendered":"<p>\u0130zmir\u2019in Menderes il\u00e7esinde nakliye asans\u00f6r\u00fcnden d\u00fc\u015fen koltu\u011fun alt\u0131nda kalarak hayat\u0131n\u0131 kaybeden 9 ya\u015f\u0131ndaki k\u00fc\u00e7\u00fck k\u0131z\u0131n \u00f6l\u00fcm\u00fcyle ilgili g\u00f6zalt\u0131na al\u0131nan 2 nakliye firmas\u0131 yetkilisi tutuklan\u0131rken, 1 \u00e7al\u0131\u015fan adli kontrol \u015fart\u0131yla serbest b\u0131rak\u0131ld\u0131.<br \/>\n<br \/>20 Eyl\u00fcl tarihinde Menderes il\u00e7esi C\u00fcneytbey Mahallesi 627 Sokak\u2019ta meydana gelen olayda H.Y.\u2019ye ait evin ta\u015f\u0131nmas\u0131 s\u0131ras\u0131nda nakliye asans\u00f6r\u00fcndeki koltuk, o s\u0131rada apartman\u0131n bah\u00e7esinde bulunan Ebrar Akta\u015f\u2019\u0131n (9) \u00fczerine d\u00fc\u015ft\u00fc. Metrelerce y\u00fckseklikten d\u00fc\u015fen koltu\u011fun alt\u0131nda kalan k\u00fc\u00e7\u00fck k\u0131z a\u011f\u0131r yaraland\u0131. \u00c7evredeki vatanda\u015flar\u0131n ihbar\u0131yla b\u00f6lgeye sa\u011fl\u0131k ekibi sevk edildi. Sa\u011fl\u0131k ekiplerince olay yerinde yap\u0131lan ilk m\u00fcdahalenin ard\u0131ndan Menderes Devlet Hastanesi\u2019ne kald\u0131r\u0131lan \u00e7ocuk, burada doktorlar\u0131n t\u00fcm m\u00fcdahalelerine ra\u011fmen kurtar\u0131lamad\u0131. K\u00fc\u00e7\u00fck k\u0131z\u0131n cans\u0131z bedeni Adli T\u0131p Kurumu morguna kald\u0131r\u0131ld\u0131. Akta\u015f\u2019\u0131n cenazesi d\u00fcn Gaziemir il\u00e7esindeki Merkez Camii\u2019ne getirildi. \u00d6\u011fle namaz\u0131n\u0131 m\u00fcteakip k\u0131l\u0131nan cenaze namaz\u0131n\u0131n ard\u0131ndan Ebrar Akta\u015f\u2019\u0131n naa\u015f\u0131 g\u00f6zya\u015flar\u0131 i\u00e7inde Do\u011fan\u00e7ay Mezarl\u0131\u011f\u0131\u2019nda topra\u011fa verildi.<\/p>\n<p>2 tutuklama<br \/>\n<br \/>Ya\u015fanan olayla ilgili ba\u015flat\u0131lan soru\u015fturma kapsam\u0131nda, nakliye firmas\u0131 yetkilileri M.G. ve E.G. ile yevmiyeli \u00e7al\u0131\u015fan yabanc\u0131 uyruklu A.H.M. g\u00f6zalt\u0131na al\u0131nd\u0131. G\u00f6zalt\u0131na al\u0131nan A.H.M., adli kontrolle serbest b\u0131rak\u0131l\u0131rken, firma yetkilileri M.G. ve E.G., \u2019bilin\u00e7li taksirle \u00f6l\u00fcme neden olma\u2019 su\u00e7undan tutuklama talebiyle Sulh Ceza Hakimli\u011fi\u2019ne sevk edildi. Mahkemeye \u00e7\u0131kart\u0131lan M.G. ve E.G., tutuklanarak cezaevine g\u00f6nderilirken, yabanc\u0131 uyruklu firma \u00e7al\u0131\u015fan\u0131 A.H.M. adli kontrol ve yurt d\u0131\u015f\u0131 \u00e7\u0131k\u0131\u015f yasa\u011f\u0131 ile serbest b\u0131rak\u0131ld\u0131.<br \/><\/p>\n","protected":false},"excerpt":{"rendered":"<p>\u0130zmir\u2019in Menderes il\u00e7esinde nakliye asans\u00f6r\u00fcnden d\u00fc\u015fen koltu\u011fun alt\u0131nda kalarak hayat\u0131n\u0131 kaybeden 9 ya\u015f\u0131ndaki k\u00fc\u00e7\u00fck k\u0131z\u0131n \u00f6l\u00fcm\u00fcyle ilgili g\u00f6zalt\u0131na al\u0131nan 2 nakliye firmas\u0131 yetkilisi tutuklan\u0131rken, 1 \u00e7al\u0131\u015fan adli kontrol \u015fart\u0131yla serbest b\u0131rak\u0131ld\u0131. 20 Eyl\u00fcl tarihinde Menderes il\u00e7esi C\u00fcneytbey Mahallesi 627 Sokak\u2019ta meydana gelen olayda H.Y.\u2019ye ait evin ta\u015f\u0131nmas\u0131 s\u0131ras\u0131nda nakliye asans\u00f6r\u00fcndeki koltuk, o s\u0131rada apartman\u0131n bah\u00e7esinde&#8230;<\/p>\n","protected":false},"author":1,"featured_media":56527,"comment_status":"open","ping_status":"open","sticky":false,"template":"","format":"standard","meta":{"_crdt_document":"","footnotes":""},"categories":[5],"tags":[],"class_list":["post-56526","post","type-post","status-publish","format-standard","has-post-thumbnail","hentry","category-asayis"],"_links":{"self":[{"href":"https:\/\/www.egemtv.com\/index.php?rest_route=\/wp\/v2\/posts\/56526","targetHints":{"allow":["GET"]}}],"collection":[{"href":"https:\/\/www.egemtv.com\/index.php?rest_route=\/wp\/v2\/posts"}],"about":[{"href":"https:\/\/www.egemtv.com\/index.php?rest_route=\/wp\/v2\/types\/post"}],"author":[{"embeddable":true,"href":"https:\/\/www.egemtv.com\/index.php?rest_route=\/wp\/v2\/users\/1"}],"replies":[{"embeddable":true,"href":"https:\/\/www.egemtv.com\/index.php?rest_route=%2Fwp%2Fv2%2Fcomments&post=56526"}],"version-history":[{"count":1,"href":"https:\/\/www.egemtv.com\/index.php?rest_route=\/wp\/v2\/posts\/56526\/revisions"}],"predecessor-version":[{"id":56528,"href":"https:\/\/www.egemtv.com\/index.php?rest_route=\/wp\/v2\/posts\/56526\/revisions\/56528"}],"wp:featuredmedia":[{"embeddable":true,"href":"https:\/\/www.egemtv.com\/index.php?rest_route=\/wp\/v2\/media\/56527"}],"wp:attachment":[{"href":"https:\/\/www.egemtv.com\/index.php?rest_route=%2Fwp%2Fv2%2Fmedia&parent=56526"}],"wp:term":[{"taxonomy":"category","embeddable":true,"href":"https:\/\/www.egemtv.com\/index.php?rest_route=%2Fwp%2Fv2%2Fcategories&post=56526"},{"taxonomy":"post_tag","embeddable":true,"href":"https:\/\/www.egemtv.com\/index.php?rest_route=%2Fwp%2Fv2%2Ftags&post=56526"}],"curies":[{"name":"wp","href":"https:\/\/api.w.org\/{rel}","templated":true}]}}