{"id":56523,"date":"2025-09-22T15:14:51","date_gmt":"2025-09-22T12:14:51","guid":{"rendered":"https:\/\/www.egemtv.com\/?p=56523"},"modified":"2025-09-22T15:14:52","modified_gmt":"2025-09-22T12:14:52","slug":"aydin-tabip-odasinin-eski-baskani-gozaltina-alindi","status":"publish","type":"post","link":"https:\/\/www.egemtv.com\/?p=56523","title":{"rendered":"Ayd\u0131n Tabip Odas\u0131\u2019n\u0131n eski Ba\u015fkan\u0131 g\u00f6zalt\u0131na al\u0131nd\u0131"},"content":{"rendered":"<p>Ayd\u0131n Tabip Odas\u0131\u2019n\u0131n eski Ba\u015fkan\u0131 AD\u00dc T\u0131p Fak\u00fcltesi Hastanesi\u2019nde g\u00f6revine devam eden Prof. Dr. O.N.A. g\u00f6zalt\u0131na al\u0131nd\u0131. Operasyon kapsam\u0131nda O.N.A. ile birlikte sekreterinin de g\u00f6zalt\u0131na al\u0131nd\u0131\u011f\u0131 \u00f6\u011frenildi.<\/p>\n<p>Edinilen bilgiye g\u00f6re, Ayd\u0131n Cumhuriyet Ba\u015fsavc\u0131l\u0131\u011f\u0131\u2019n\u0131n talimat\u0131yla, Ayd\u0131n Adnan Menderes \u00dcniversitesi T\u0131p Fak\u00fcltesi Hastanesi\u2019nde g\u00f6revli Ayd\u0131n Tabip Odas\u0131 eski Ba\u015fkan\u0131 Prof. Dr. O.N.A. ve sekreteri g\u00f6zalt\u0131na al\u0131nd\u0131. O.N.A. ve sekreterinin operasyon kapsam\u0131nda g\u00f6zalt\u0131na al\u0131nmas\u0131 Ayd\u0131n\u2019da g\u00fcndem olurken, operasyonun geni\u015fleyerek devam edece\u011fi \u00f6\u011frenildi.<br \/><\/p>\n","protected":false},"excerpt":{"rendered":"<p>Ayd\u0131n Tabip Odas\u0131\u2019n\u0131n eski Ba\u015fkan\u0131 AD\u00dc T\u0131p Fak\u00fcltesi Hastanesi\u2019nde g\u00f6revine devam eden Prof. Dr. O.N.A. g\u00f6zalt\u0131na al\u0131nd\u0131. Operasyon kapsam\u0131nda O.N.A. ile birlikte sekreterinin de g\u00f6zalt\u0131na al\u0131nd\u0131\u011f\u0131 \u00f6\u011frenildi. Edinilen bilgiye g\u00f6re, Ayd\u0131n Cumhuriyet Ba\u015fsavc\u0131l\u0131\u011f\u0131\u2019n\u0131n talimat\u0131yla, Ayd\u0131n Adnan Menderes \u00dcniversitesi T\u0131p Fak\u00fcltesi Hastanesi\u2019nde g\u00f6revli Ayd\u0131n Tabip Odas\u0131 eski Ba\u015fkan\u0131 Prof. Dr. O.N.A. ve sekreteri g\u00f6zalt\u0131na al\u0131nd\u0131. O.N.A&#8230;.<\/p>\n","protected":false},"author":1,"featured_media":56524,"comment_status":"open","ping_status":"open","sticky":false,"template":"","format":"standard","meta":{"_crdt_document":"","footnotes":""},"categories":[5],"tags":[],"class_list":["post-56523","post","type-post","status-publish","format-standard","has-post-thumbnail","hentry","category-asayis"],"_links":{"self":[{"href":"https:\/\/www.egemtv.com\/index.php?rest_route=\/wp\/v2\/posts\/56523","targetHints":{"allow":["GET"]}}],"collection":[{"href":"https:\/\/www.egemtv.com\/index.php?rest_route=\/wp\/v2\/posts"}],"about":[{"href":"https:\/\/www.egemtv.com\/index.php?rest_route=\/wp\/v2\/types\/post"}],"author":[{"embeddable":true,"href":"https:\/\/www.egemtv.com\/index.php?rest_route=\/wp\/v2\/users\/1"}],"replies":[{"embeddable":true,"href":"https:\/\/www.egemtv.com\/index.php?rest_route=%2Fwp%2Fv2%2Fcomments&post=56523"}],"version-history":[{"count":1,"href":"https:\/\/www.egemtv.com\/index.php?rest_route=\/wp\/v2\/posts\/56523\/revisions"}],"predecessor-version":[{"id":56525,"href":"https:\/\/www.egemtv.com\/index.php?rest_route=\/wp\/v2\/posts\/56523\/revisions\/56525"}],"wp:featuredmedia":[{"embeddable":true,"href":"https:\/\/www.egemtv.com\/index.php?rest_route=\/wp\/v2\/media\/56524"}],"wp:attachment":[{"href":"https:\/\/www.egemtv.com\/index.php?rest_route=%2Fwp%2Fv2%2Fmedia&parent=56523"}],"wp:term":[{"taxonomy":"category","embeddable":true,"href":"https:\/\/www.egemtv.com\/index.php?rest_route=%2Fwp%2Fv2%2Fcategories&post=56523"},{"taxonomy":"post_tag","embeddable":true,"href":"https:\/\/www.egemtv.com\/index.php?rest_route=%2Fwp%2Fv2%2Ftags&post=56523"}],"curies":[{"name":"wp","href":"https:\/\/api.w.org\/{rel}","templated":true}]}}