{"id":56520,"date":"2025-09-22T15:14:50","date_gmt":"2025-09-22T12:14:50","guid":{"rendered":"https:\/\/www.egemtv.com\/?p=56520"},"modified":"2025-09-22T15:14:51","modified_gmt":"2025-09-22T12:14:51","slug":"kazada-hayatini-kaybeden-polis-memuru-son-yolculuguna-ugurlandi","status":"publish","type":"post","link":"https:\/\/www.egemtv.com\/?p=56520","title":{"rendered":"Kazada hayat\u0131n\u0131 kaybeden polis memuru son yolculu\u011funa u\u011furland\u0131"},"content":{"rendered":"<p>K\u00fctahya\u2019da ge\u00e7irdi\u011fi trafik kazas\u0131nda hayat\u0131n\u0131 kaybeden polis memuru Samet Ter, U\u015fak\u2019\u0131n Ulubey il\u00e7esinde d\u00fczenlenen cenaze t\u00f6reniyle son yolculu\u011funa u\u011furland\u0131.<\/p>\n<p>Kaza, Gediz-Alt\u0131nta\u015f karayolunda meydana geldi. Samet Ter (36) idaresindeki 43 AEA 618 plakal\u0131 motosiklet, ters \u015feritten ilerleyen A.K. y\u00f6netimindeki 43 FA 041 plakal\u0131 karavan ile \u00e7arp\u0131\u015ft\u0131. \u00c7arp\u0131\u015fman\u0131n etkisiyle savrulan motosiklet yol kenar\u0131na devrildi. A\u011f\u0131r yaralanan polis memuru, 112 Sa\u011fl\u0131k ekiplerince Gediz Devlet Hastanesine kald\u0131r\u0131ld\u0131 ancak t\u00fcm m\u00fcdahalelere ra\u011fmen kurtar\u0131lamad\u0131. Simav Kaymakam\u0131 B\u00fcnyamin Karalo\u011flu\u2019nun koruma polisi oldu\u011fu \u00f6\u011frenilen Ter\u2019in, motosiklet grubuyla Murat Da\u011f\u0131\u2019ndan d\u00f6n\u00fc\u015f yolunda oldu\u011fu \u00f6\u011frenildi.<\/p>\n<p>Polis memuru Samet Ter, memleketinde son yolculu\u011funa u\u011furland\u0131<br \/>\n<br \/>Polis memuru Samet Ter i\u00e7in bug\u00fcn U\u015fak\u2019\u0131n Ulubey il\u00e7esine ba\u011fl\u0131 Karacaahmet k\u00f6y\u00fcnde cenaze t\u00f6reni d\u00fczenlendi. \u00d6\u011fle namaz\u0131na m\u00fcteakip k\u00f6y camisinde k\u0131l\u0131nan cenaze namaz\u0131n\u0131n ard\u0131ndan Ter, k\u00f6y mezarl\u0131\u011f\u0131nda g\u00f6zya\u015flar\u0131 aras\u0131nda son yolculu\u011funa u\u011furland\u0131.<br \/>\n<br \/>Cenaze t\u00f6renine, AK Parti U\u015fak milletvekilleri \u0130smail G\u00fcne\u015f ve Fahrettin Tu\u011frul, U\u015fak \u0130l Emniyet M\u00fcd\u00fcr\u00fc Taner \u00c7ift\u00e7i, K\u00fctahya \u0130l Emniyet M\u00fcd\u00fcr\u00fc Osman Elbir, U\u015fak \u0130l Jandarma Komutan\u0131 K\u0131demli Albay \u00d6zg\u00fcr K\u0131l\u0131\u00e7, Ulubey Kaymakam\u0131 \u0130brahim Co\u015fkunaslan, Simav Kaymakam\u0131 B\u00fcnyamin Karalo\u011flu, Pazarlar Kaymakam\u0131 Alper A\u00e7\u0131kg\u00f6z, Simav Belediye Ba\u015fkan\u0131 K\u00fcbra Tekel Aktulun, Ulubey Belediye Ba\u015fkan\u0131 Veli Ko\u00e7lu, Ter\u2019in yak\u0131nlar\u0131 ve k\u00f6yl\u00fcler kat\u0131ld\u0131.<br \/><\/p>\n","protected":false},"excerpt":{"rendered":"<p>K\u00fctahya\u2019da ge\u00e7irdi\u011fi trafik kazas\u0131nda hayat\u0131n\u0131 kaybeden polis memuru Samet Ter, U\u015fak\u2019\u0131n Ulubey il\u00e7esinde d\u00fczenlenen cenaze t\u00f6reniyle son yolculu\u011funa u\u011furland\u0131. Kaza, Gediz-Alt\u0131nta\u015f karayolunda meydana geldi. Samet Ter (36) idaresindeki 43 AEA 618 plakal\u0131 motosiklet, ters \u015feritten ilerleyen A.K. y\u00f6netimindeki 43 FA 041 plakal\u0131 karavan ile \u00e7arp\u0131\u015ft\u0131. \u00c7arp\u0131\u015fman\u0131n etkisiyle savrulan motosiklet yol kenar\u0131na devrildi. A\u011f\u0131r yaralanan polis&#8230;<\/p>\n","protected":false},"author":1,"featured_media":56521,"comment_status":"open","ping_status":"open","sticky":false,"template":"","format":"standard","meta":{"_crdt_document":"","footnotes":""},"categories":[5],"tags":[],"class_list":["post-56520","post","type-post","status-publish","format-standard","has-post-thumbnail","hentry","category-asayis"],"_links":{"self":[{"href":"https:\/\/www.egemtv.com\/index.php?rest_route=\/wp\/v2\/posts\/56520","targetHints":{"allow":["GET"]}}],"collection":[{"href":"https:\/\/www.egemtv.com\/index.php?rest_route=\/wp\/v2\/posts"}],"about":[{"href":"https:\/\/www.egemtv.com\/index.php?rest_route=\/wp\/v2\/types\/post"}],"author":[{"embeddable":true,"href":"https:\/\/www.egemtv.com\/index.php?rest_route=\/wp\/v2\/users\/1"}],"replies":[{"embeddable":true,"href":"https:\/\/www.egemtv.com\/index.php?rest_route=%2Fwp%2Fv2%2Fcomments&post=56520"}],"version-history":[{"count":1,"href":"https:\/\/www.egemtv.com\/index.php?rest_route=\/wp\/v2\/posts\/56520\/revisions"}],"predecessor-version":[{"id":56522,"href":"https:\/\/www.egemtv.com\/index.php?rest_route=\/wp\/v2\/posts\/56520\/revisions\/56522"}],"wp:featuredmedia":[{"embeddable":true,"href":"https:\/\/www.egemtv.com\/index.php?rest_route=\/wp\/v2\/media\/56521"}],"wp:attachment":[{"href":"https:\/\/www.egemtv.com\/index.php?rest_route=%2Fwp%2Fv2%2Fmedia&parent=56520"}],"wp:term":[{"taxonomy":"category","embeddable":true,"href":"https:\/\/www.egemtv.com\/index.php?rest_route=%2Fwp%2Fv2%2Fcategories&post=56520"},{"taxonomy":"post_tag","embeddable":true,"href":"https:\/\/www.egemtv.com\/index.php?rest_route=%2Fwp%2Fv2%2Ftags&post=56520"}],"curies":[{"name":"wp","href":"https:\/\/api.w.org\/{rel}","templated":true}]}}