{"id":56517,"date":"2025-09-22T15:14:49","date_gmt":"2025-09-22T12:14:49","guid":{"rendered":"https:\/\/www.egemtv.com\/?p=56517"},"modified":"2025-09-22T15:14:50","modified_gmt":"2025-09-22T12:14:50","slug":"aydinda-yol-yapim-ve-yenileme-calismalari-tum-hiziyla-suruyor","status":"publish","type":"post","link":"https:\/\/www.egemtv.com\/?p=56517","title":{"rendered":"Ayd\u0131n\u2019da yol yap\u0131m ve yenileme \u00e7al\u0131\u015fmalar\u0131 t\u00fcm h\u0131z\u0131yla s\u00fcr\u00fcyor"},"content":{"rendered":"<p>Ayd\u0131n B\u00fcy\u00fck\u015fehir Belediyesi, kent genelinde e\u015f zamanl\u0131 olarak s\u00fcrd\u00fcr\u00fclen yol yap\u0131m ve yenileme \u00e7al\u0131\u015fmalar\u0131na devam ediyor.<\/p>\n<p>Ayd\u0131n B\u00fcy\u00fck\u015fehir Belediye Ba\u015fkan\u0131 \u00d6zlem \u00c7er\u00e7io\u011flu\u2019nun \u00f6nc\u00fcl\u00fc\u011f\u00fcnde Fen \u0130\u015fleri Dairesi Ba\u015fkanl\u0131\u011f\u0131 Yol Yap\u0131m ve Bak\u0131m \u015eube M\u00fcd\u00fcrl\u00fc\u011f\u00fc ekipleri taraf\u0131ndan hayata ge\u00e7irilen Bat\u0131 \u00c7evre Bulvar\u0131 ile Mevlana Caddesi, Efeler Bulvar\u0131 ve Zeybekler Merkez Bulvar\u0131\u2019n\u0131 kapsayan, TOK\u0130 Kav\u015fa\u011f\u0131\u2019na kadar uzanan yol yap\u0131m \u00e7al\u0131\u015fmas\u0131 s\u00fcr\u00fcyor. Kaz\u0131 i\u015flemlerinin tamamland\u0131\u011f\u0131 yolda zemin iyile\u015ftirme \u00e7al\u0131\u015fmalar\u0131 ger\u00e7ekle\u015ftiriliyor. Yolda, kald\u0131r\u0131m \u00e7al\u0131\u015fmalar\u0131n\u0131n ve do\u011falgaz, i\u00e7me suyu, ya\u011fmursuyu ve kanalizasyon ile telefon ve elektrik altyap\u0131lar\u0131n\u0131n da tamamlanmas\u0131n\u0131n ard\u0131ndan temel malzeme ve asfalt serimi ba\u015flayacak. \u00c7al\u0131\u015fmalar\u0131n tamamlanmas\u0131 ile birlikte yol, Ayd\u0131nl\u0131lar\u0131n hizmetine sunulacak.<\/p>\n<p>Kent genelinde yol yap\u0131m ve yenileme \u00e7al\u0131\u015fmalar\u0131n\u0131n devam edece\u011fini belirten Ba\u015fkan \u00c7er\u00e7io\u011flu, &#8220;G\u00fczel Ayd\u0131n\u0131m\u0131z\u0131n t\u00fcm il\u00e7elerinde yat\u0131r\u0131mlar\u0131m\u0131z\u0131, projelerimizi, hizmetlerimizi ve \u00e7al\u0131\u015fmalar\u0131m\u0131z\u0131 t\u00fcm h\u0131z\u0131yla hayata ge\u00e7irmeyi s\u00fcrd\u00fcr\u00fcyoruz. 17 il\u00e7emizin tamam\u0131nda hizmetlerimizi hem\u015fehrilerimiz ile bulu\u015fturmaya, g\u00fczel Ayd\u0131n\u0131m\u0131z i\u00e7in \u00e7al\u0131\u015fmaya devam edece\u011fiz&#8221; ifadelerini kulland\u0131.<\/p>\n<p>Vatanda\u015flar, hizmetlerinden dolay\u0131 Ba\u015fkan \u00c7er\u00e7io\u011flu\u2019na te\u015fekk\u00fcr etti.<br \/><\/p>\n","protected":false},"excerpt":{"rendered":"<p>Ayd\u0131n B\u00fcy\u00fck\u015fehir Belediyesi, kent genelinde e\u015f zamanl\u0131 olarak s\u00fcrd\u00fcr\u00fclen yol yap\u0131m ve yenileme \u00e7al\u0131\u015fmalar\u0131na devam ediyor. Ayd\u0131n B\u00fcy\u00fck\u015fehir Belediye Ba\u015fkan\u0131 \u00d6zlem \u00c7er\u00e7io\u011flu\u2019nun \u00f6nc\u00fcl\u00fc\u011f\u00fcnde Fen \u0130\u015fleri Dairesi Ba\u015fkanl\u0131\u011f\u0131 Yol Yap\u0131m ve Bak\u0131m \u015eube M\u00fcd\u00fcrl\u00fc\u011f\u00fc ekipleri taraf\u0131ndan hayata ge\u00e7irilen Bat\u0131 \u00c7evre Bulvar\u0131 ile Mevlana Caddesi, Efeler Bulvar\u0131 ve Zeybekler Merkez Bulvar\u0131\u2019n\u0131 kapsayan, TOK\u0130 Kav\u015fa\u011f\u0131\u2019na kadar uzanan yol&#8230;<\/p>\n","protected":false},"author":1,"featured_media":56518,"comment_status":"open","ping_status":"open","sticky":false,"template":"","format":"standard","meta":{"_crdt_document":"","footnotes":""},"categories":[1],"tags":[],"class_list":["post-56517","post","type-post","status-publish","format-standard","has-post-thumbnail","hentry","category-guncel"],"_links":{"self":[{"href":"https:\/\/www.egemtv.com\/index.php?rest_route=\/wp\/v2\/posts\/56517","targetHints":{"allow":["GET"]}}],"collection":[{"href":"https:\/\/www.egemtv.com\/index.php?rest_route=\/wp\/v2\/posts"}],"about":[{"href":"https:\/\/www.egemtv.com\/index.php?rest_route=\/wp\/v2\/types\/post"}],"author":[{"embeddable":true,"href":"https:\/\/www.egemtv.com\/index.php?rest_route=\/wp\/v2\/users\/1"}],"replies":[{"embeddable":true,"href":"https:\/\/www.egemtv.com\/index.php?rest_route=%2Fwp%2Fv2%2Fcomments&post=56517"}],"version-history":[{"count":1,"href":"https:\/\/www.egemtv.com\/index.php?rest_route=\/wp\/v2\/posts\/56517\/revisions"}],"predecessor-version":[{"id":56519,"href":"https:\/\/www.egemtv.com\/index.php?rest_route=\/wp\/v2\/posts\/56517\/revisions\/56519"}],"wp:featuredmedia":[{"embeddable":true,"href":"https:\/\/www.egemtv.com\/index.php?rest_route=\/wp\/v2\/media\/56518"}],"wp:attachment":[{"href":"https:\/\/www.egemtv.com\/index.php?rest_route=%2Fwp%2Fv2%2Fmedia&parent=56517"}],"wp:term":[{"taxonomy":"category","embeddable":true,"href":"https:\/\/www.egemtv.com\/index.php?rest_route=%2Fwp%2Fv2%2Fcategories&post=56517"},{"taxonomy":"post_tag","embeddable":true,"href":"https:\/\/www.egemtv.com\/index.php?rest_route=%2Fwp%2Fv2%2Ftags&post=56517"}],"curies":[{"name":"wp","href":"https:\/\/api.w.org\/{rel}","templated":true}]}}