{"id":56514,"date":"2025-09-22T14:54:53","date_gmt":"2025-09-22T11:54:53","guid":{"rendered":"https:\/\/www.egemtv.com\/?p=56514"},"modified":"2025-09-22T14:54:54","modified_gmt":"2025-09-22T11:54:54","slug":"milletvekili-un-rant-ugruna-baglarin-arasina-kum-ocagi-acilmasina-musaade-etmeyecegiz","status":"publish","type":"post","link":"https:\/\/www.egemtv.com\/?p=56514","title":{"rendered":"Milletvekili \u00dcn; &#8220;Rant u\u011fruna ba\u011flar\u0131n aras\u0131na kum oca\u011f\u0131 a\u00e7\u0131lmas\u0131na m\u00fcsaade etmeyece\u011fiz&#8221;"},"content":{"rendered":"<p>2 y\u0131lda elde edece\u011fi rant\u0131 i\u00e7in bizim y\u00fczy\u0131llar boyu ekip bitece\u011fimiz bereketli \u00fcz\u00fcm ba\u011flar\u0131m\u0131z yok olup gidecek&#8221; dedi.<\/p>\n<p>Buldan Ovas\u0131n\u0131n b\u00f6lgede \u00fcz\u00fcm \u00fcretiminin \u00f6nemli merkezlerinden birisi oldu\u011funu belirten Milletvekili Sema Silkin \u00dcn, &#8220;Bug\u00fcn burada \u00fcz\u00fcm \u00fcreticilerinin sorunlar\u0131n\u0131 konu\u015fmam\u0131z gerekirken, b\u00f6lge y\u0131llard\u0131r ekilmeyen ve alt\u0131nda bir kum rezervi bulunan arazinin kum oca\u011f\u0131 yap\u0131lmas\u0131 i\u00e7in ba\u015fvuru yap\u0131ld\u0131\u011f\u0131n\u0131 \u00f6\u011frendik. Buras\u0131 i\u00e7in tar\u0131ma elveri\u015fli ve tar\u0131m d\u0131\u015f\u0131nda ba\u015fka bir ama\u00e7la kullan\u0131lamayaca\u011f\u0131na dair bir rapor bulunmas\u0131na ra\u011fmen, bakanl\u0131ktan tam bunun aksine rapor geldi\u011fine dair belgeler elimizde mevcut. Bu tarla kum oca\u011f\u0131 olarak kullan\u0131lmaya ba\u015fland\u0131\u011f\u0131nda, bir tak\u0131m riskleri de beraberinde getirecek. Bunlardan birincisi topra\u011f\u0131n kaymas\u0131 yani b\u00f6lgedeki tarlar\u0131n kaymas\u0131 olacak. \u0130kincisi ise her ne kadar \u00f6nlem al\u0131n\u0131rsa al\u0131ns\u0131n r\u00fczgarla birlikte da\u011f\u0131lacak tozlar, 2-3 kilometre yar\u0131 \u00e7apl\u0131 bir alanda \u00fcz\u00fcmlere zarar verecek. Bu durum hem hastal\u0131\u011fa neden olacak hem de bu ba\u011flar i\u015flevini yitirmi\u015f olacak. Buldan gibi bir \u00fcz\u00fcm \u00fcretim merkezi maalesef zamanla elimizden al\u0131nm\u0131\u015f olacak&#8221; diye konu\u015ftu.<\/p>\n<p>&#8220;Rantta de\u011fil, \u00fcreticiye sahip \u00e7\u0131kmal\u0131y\u0131z&#8221;<br \/>\n<br \/>Mevcut ekonomik \u015fartlar nedeniyle \u00fcreticilerin zaten eme\u011finin kar\u015f\u0131l\u0131\u011f\u0131n\u0131 alamad\u0131\u011f\u0131n\u0131 savunan Milletvekili \u00dcn, &#8220;Bu y\u00fczden gen\u00e7 nesil art\u0131k tar\u0131mla u\u011fra\u015fmak istemiyor. Bunun \u00fczerine sanayile\u015fmeyle birlikte bir de topra\u011f\u0131n rant de\u011feri ba\u015flad\u0131\u011f\u0131nda, insanlar tar\u0131mdan para kazanamad\u0131klar\u0131 i\u00e7in bir \u015fekilde topraklar\u0131n\u0131 \u00fcretimden \u00e7ekerek bu ranttan istifade etmeye \u00e7al\u0131\u015facak. Bu yanl\u0131\u015flara g\u00f6z yumulmaya devam edilmesi halinde gelecek nesillere b\u0131rakabilece\u011fimiz bereketli bir buldan ovam\u0131z olmayacak. Birka\u00e7 ki\u015finin 1-2 y\u0131lda elde edece\u011fi rant\u0131 i\u00e7in bizim y\u00fczy\u0131llar boyu ekip bitece\u011fimiz bereketli \u00fcz\u00fcm ba\u011flar\u0131m\u0131z yok olup gidecek. Verimli arazilerde bir kum oca\u011f\u0131 a\u00e7\u0131lmas\u0131 asla kabul edilebilir bir durum de\u011fil. Bunun engellenmesi i\u00e7in Meclis\u2019te konunun takip\u00e7isi olaca\u011f\u0131m&#8221;<\/p>\n<p>&#8220;\u00dcretimin kar\u015f\u0131l\u0131\u011f\u0131 bu olmamal\u0131yd\u0131&#8221;<br \/>\n<br \/>Yetkilileri g\u00f6reve davet eden Do\u011fank\u00f6y Mahalle Muhtar\u0131 Ahmet Boynikar ise &#8220;Tar\u0131m arazilerinin aras\u0131nda yap\u0131lacak bir kum oca\u011f\u0131na bir \u00fcreticiler kesinlikle kar\u015f\u0131y\u0131z. Tar\u0131m\u0131 bitirecek, \u00e7ocuklar\u0131m\u0131z\u0131n gelece\u011fiyle oynayan bu projeyi istemiyoruz.  Bize ekip bi\u00e7in, \u00fcretin diyorlar ama ekti\u011fimiz arazileri de yok etmeye \u00e7al\u0131\u015f\u0131yorlar. Pandemide kimse evinden \u00e7\u0131kamazken, biz \u00fcreticiler \u00e7al\u0131\u015f\u0131p \u00fcretim milletin ihtiyac\u0131n\u0131 kar\u015f\u0131lad\u0131k. \u015eimdi bunun kar\u015f\u0131l\u0131\u011f\u0131 tar\u0131m b\u00f6lgesine bir kum oca\u011f\u0131 i\u00e7in ruhsat vermek olmamal\u0131yd\u0131&#8221; ifadelerini kulland\u0131.<br \/><\/p>\n","protected":false},"excerpt":{"rendered":"<p>2 y\u0131lda elde edece\u011fi rant\u0131 i\u00e7in bizim y\u00fczy\u0131llar boyu ekip bitece\u011fimiz bereketli \u00fcz\u00fcm ba\u011flar\u0131m\u0131z yok olup gidecek&#8221; dedi. Buldan Ovas\u0131n\u0131n b\u00f6lgede \u00fcz\u00fcm \u00fcretiminin \u00f6nemli merkezlerinden birisi oldu\u011funu belirten Milletvekili Sema Silkin \u00dcn, &#8220;Bug\u00fcn burada \u00fcz\u00fcm \u00fcreticilerinin sorunlar\u0131n\u0131 konu\u015fmam\u0131z gerekirken, b\u00f6lge y\u0131llard\u0131r ekilmeyen ve alt\u0131nda bir kum rezervi bulunan arazinin kum oca\u011f\u0131 yap\u0131lmas\u0131 i\u00e7in ba\u015fvuru yap\u0131ld\u0131\u011f\u0131n\u0131&#8230;<\/p>\n","protected":false},"author":1,"featured_media":56515,"comment_status":"open","ping_status":"open","sticky":false,"template":"","format":"standard","meta":{"_crdt_document":"","footnotes":""},"categories":[125],"tags":[],"class_list":["post-56514","post","type-post","status-publish","format-standard","has-post-thumbnail","hentry","category-ekonomi"],"_links":{"self":[{"href":"https:\/\/www.egemtv.com\/index.php?rest_route=\/wp\/v2\/posts\/56514","targetHints":{"allow":["GET"]}}],"collection":[{"href":"https:\/\/www.egemtv.com\/index.php?rest_route=\/wp\/v2\/posts"}],"about":[{"href":"https:\/\/www.egemtv.com\/index.php?rest_route=\/wp\/v2\/types\/post"}],"author":[{"embeddable":true,"href":"https:\/\/www.egemtv.com\/index.php?rest_route=\/wp\/v2\/users\/1"}],"replies":[{"embeddable":true,"href":"https:\/\/www.egemtv.com\/index.php?rest_route=%2Fwp%2Fv2%2Fcomments&post=56514"}],"version-history":[{"count":1,"href":"https:\/\/www.egemtv.com\/index.php?rest_route=\/wp\/v2\/posts\/56514\/revisions"}],"predecessor-version":[{"id":56516,"href":"https:\/\/www.egemtv.com\/index.php?rest_route=\/wp\/v2\/posts\/56514\/revisions\/56516"}],"wp:featuredmedia":[{"embeddable":true,"href":"https:\/\/www.egemtv.com\/index.php?rest_route=\/wp\/v2\/media\/56515"}],"wp:attachment":[{"href":"https:\/\/www.egemtv.com\/index.php?rest_route=%2Fwp%2Fv2%2Fmedia&parent=56514"}],"wp:term":[{"taxonomy":"category","embeddable":true,"href":"https:\/\/www.egemtv.com\/index.php?rest_route=%2Fwp%2Fv2%2Fcategories&post=56514"},{"taxonomy":"post_tag","embeddable":true,"href":"https:\/\/www.egemtv.com\/index.php?rest_route=%2Fwp%2Fv2%2Ftags&post=56514"}],"curies":[{"name":"wp","href":"https:\/\/api.w.org\/{rel}","templated":true}]}}