{"id":56511,"date":"2025-09-22T14:54:52","date_gmt":"2025-09-22T11:54:52","guid":{"rendered":"https:\/\/www.egemtv.com\/?p=56511"},"modified":"2025-09-22T14:54:53","modified_gmt":"2025-09-22T11:54:53","slug":"hisarcik-ak-genclikten-uye-kaydi-ve-esnafa-turk-bayragi-dagitimi","status":"publish","type":"post","link":"https:\/\/www.egemtv.com\/?p=56511","title":{"rendered":"Hisarc\u0131k AK Gen\u00e7likten \u00fcye kayd\u0131 ve esnafa T\u00fcrk bayra\u011f\u0131 da\u011f\u0131t\u0131m\u0131"},"content":{"rendered":"<p>AK Parti Hisarc\u0131k Gen\u00e7lik Kollar\u0131 Ba\u015fkanl\u0131\u011f\u0131 taraf\u0131ndan kapal\u0131 pazar yerinde \u00fcye kay\u0131t \u00e7al\u0131\u015fmas\u0131 yap\u0131ld\u0131 ve esnafa T\u00fcrk bayra\u011f\u0131 da\u011f\u0131t\u0131m\u0131 ger\u00e7ekle\u015ftirildi.<br \/>\n<br \/>AK Parti Gen\u00e7lik Kollar\u0131 Ba\u015fkan\u0131 Mustafa \u00c7al\u0131\u015fkan \u00f6nc\u00fcl\u00fc\u011f\u00fcnde kapal\u0131 pazar yerinde, AK Parti \u00fcye kay\u0131t \u00e7al\u0131\u015fmas\u0131 ger\u00e7ekle\u015ftirdiklerini s\u00f6yleyen AK Parti \u0130l\u00e7e Ba\u015fkan\u0131 Abdullah Akbulut, &#8220;Ter\u00f6rs\u00fcz bir T\u00fcrkiye hedefiyle, esnaf\u0131m\u0131za birlik ve beraberli\u011fimizi, vatan sevgimizi ve Cumhurba\u015fkan\u0131m\u0131z\u0131n selamlar\u0131n\u0131 ilettik, \u015fanl\u0131 bayra\u011f\u0131m\u0131z\u0131 hediye ettik. Ayr\u0131ca il\u00e7emizdeki gazileri evlerinde ziyaret ederek minnet ve \u015f\u00fckran duygular\u0131m\u0131z\u0131 ifade ettik&#8221; dedi.<br \/><\/p>\n","protected":false},"excerpt":{"rendered":"<p>AK Parti Hisarc\u0131k Gen\u00e7lik Kollar\u0131 Ba\u015fkanl\u0131\u011f\u0131 taraf\u0131ndan kapal\u0131 pazar yerinde \u00fcye kay\u0131t \u00e7al\u0131\u015fmas\u0131 yap\u0131ld\u0131 ve esnafa T\u00fcrk bayra\u011f\u0131 da\u011f\u0131t\u0131m\u0131 ger\u00e7ekle\u015ftirildi. AK Parti Gen\u00e7lik Kollar\u0131 Ba\u015fkan\u0131 Mustafa \u00c7al\u0131\u015fkan \u00f6nc\u00fcl\u00fc\u011f\u00fcnde kapal\u0131 pazar yerinde, AK Parti \u00fcye kay\u0131t \u00e7al\u0131\u015fmas\u0131 ger\u00e7ekle\u015ftirdiklerini s\u00f6yleyen AK Parti \u0130l\u00e7e Ba\u015fkan\u0131 Abdullah Akbulut, &#8220;Ter\u00f6rs\u00fcz bir T\u00fcrkiye hedefiyle, esnaf\u0131m\u0131za birlik ve beraberli\u011fimizi, vatan sevgimizi ve&#8230;<\/p>\n","protected":false},"author":1,"featured_media":56512,"comment_status":"open","ping_status":"open","sticky":false,"template":"","format":"standard","meta":{"_crdt_document":"","footnotes":""},"categories":[127],"tags":[],"class_list":["post-56511","post","type-post","status-publish","format-standard","has-post-thumbnail","hentry","category-siyaset"],"_links":{"self":[{"href":"https:\/\/www.egemtv.com\/index.php?rest_route=\/wp\/v2\/posts\/56511","targetHints":{"allow":["GET"]}}],"collection":[{"href":"https:\/\/www.egemtv.com\/index.php?rest_route=\/wp\/v2\/posts"}],"about":[{"href":"https:\/\/www.egemtv.com\/index.php?rest_route=\/wp\/v2\/types\/post"}],"author":[{"embeddable":true,"href":"https:\/\/www.egemtv.com\/index.php?rest_route=\/wp\/v2\/users\/1"}],"replies":[{"embeddable":true,"href":"https:\/\/www.egemtv.com\/index.php?rest_route=%2Fwp%2Fv2%2Fcomments&post=56511"}],"version-history":[{"count":1,"href":"https:\/\/www.egemtv.com\/index.php?rest_route=\/wp\/v2\/posts\/56511\/revisions"}],"predecessor-version":[{"id":56513,"href":"https:\/\/www.egemtv.com\/index.php?rest_route=\/wp\/v2\/posts\/56511\/revisions\/56513"}],"wp:featuredmedia":[{"embeddable":true,"href":"https:\/\/www.egemtv.com\/index.php?rest_route=\/wp\/v2\/media\/56512"}],"wp:attachment":[{"href":"https:\/\/www.egemtv.com\/index.php?rest_route=%2Fwp%2Fv2%2Fmedia&parent=56511"}],"wp:term":[{"taxonomy":"category","embeddable":true,"href":"https:\/\/www.egemtv.com\/index.php?rest_route=%2Fwp%2Fv2%2Fcategories&post=56511"},{"taxonomy":"post_tag","embeddable":true,"href":"https:\/\/www.egemtv.com\/index.php?rest_route=%2Fwp%2Fv2%2Ftags&post=56511"}],"curies":[{"name":"wp","href":"https:\/\/api.w.org\/{rel}","templated":true}]}}