{"id":56508,"date":"2025-09-22T14:35:52","date_gmt":"2025-09-22T11:35:52","guid":{"rendered":"https:\/\/www.egemtv.com\/?p=56508"},"modified":"2025-09-22T14:35:54","modified_gmt":"2025-09-22T11:35:54","slug":"aydinda-63-kilo-kuru-incir-calarken-sucustu-yakalandilar","status":"publish","type":"post","link":"https:\/\/www.egemtv.com\/?p=56508","title":{"rendered":"Ayd\u0131n\u2019da 63 kilo kuru incir \u00e7alarken su\u00e7\u00fcst\u00fc yakaland\u0131lar"},"content":{"rendered":"<p>Ayd\u0131n\u2019\u0131n Germencik il\u00e7esinde 2 \u015f\u00fcpheli jandarma ekiplerince bir bah\u00e7eden 63 kilo kuru incir \u00e7alarken su\u00e7\u00fcst\u00fc yakaland\u0131.<\/p>\n<p>Ayd\u0131n \u0130l Jandarma Komutanl\u0131\u011f\u0131 Germencik \u0130l\u00e7e Jandarma Komutanl\u0131\u011f\u0131\u2019na ba\u011fl\u0131 Motorlu Asayi\u015f Timi ve Merkez Jandarma Karakol Komutanl\u0131\u011f\u0131 taraf\u0131ndan \u00fcr\u00fcn h\u0131rs\u0131zl\u0131\u011f\u0131n\u0131n \u00f6nlenmesine y\u00f6nelik incir bah\u00e7elerinde \u00f6nleyici kolluk devriyesi ger\u00e7ekle\u015ftirildi. Edinilen bilgiye g\u00f6re ekipler, devriye esnas\u0131nda durumundan \u015f\u00fcphelendi\u011fi 2 ki\u015fiyi takip etti. \u015e\u00fcphelilerin bir bah\u00e7eden 63 kilogram kuru incir \u00e7ald\u0131\u011f\u0131n\u0131 tespit eden ekipler, \u015f\u00fcphelileri su\u00e7\u00fcst\u00fc yakalad\u0131. Ele ge\u00e7irilen kuru incir bah\u00e7e sahibine teslim edilirken, olayla ilgili adli s\u00fcre\u00e7 ba\u015flat\u0131ld\u0131. Ayd\u0131n \u0130l Jandarma Komutanl\u0131\u011f\u0131\u2019ndan yap\u0131lan a\u00e7\u0131klamada &#8220;Vatanda\u015flar\u0131m\u0131z\u0131n huzur ve g\u00fcvenli\u011fine y\u00f6nelik faaliyetlerimiz devam etmektedir&#8221; ifadeleri yer ald\u0131.<br \/><\/p>\n","protected":false},"excerpt":{"rendered":"<p>Ayd\u0131n\u2019\u0131n Germencik il\u00e7esinde 2 \u015f\u00fcpheli jandarma ekiplerince bir bah\u00e7eden 63 kilo kuru incir \u00e7alarken su\u00e7\u00fcst\u00fc yakaland\u0131. Ayd\u0131n \u0130l Jandarma Komutanl\u0131\u011f\u0131 Germencik \u0130l\u00e7e Jandarma Komutanl\u0131\u011f\u0131\u2019na ba\u011fl\u0131 Motorlu Asayi\u015f Timi ve Merkez Jandarma Karakol Komutanl\u0131\u011f\u0131 taraf\u0131ndan \u00fcr\u00fcn h\u0131rs\u0131zl\u0131\u011f\u0131n\u0131n \u00f6nlenmesine y\u00f6nelik incir bah\u00e7elerinde \u00f6nleyici kolluk devriyesi ger\u00e7ekle\u015ftirildi. Edinilen bilgiye g\u00f6re ekipler, devriye esnas\u0131nda durumundan \u015f\u00fcphelendi\u011fi 2 ki\u015fiyi takip&#8230;<\/p>\n","protected":false},"author":1,"featured_media":56509,"comment_status":"open","ping_status":"open","sticky":false,"template":"","format":"standard","meta":{"_crdt_document":"","footnotes":""},"categories":[5],"tags":[],"class_list":["post-56508","post","type-post","status-publish","format-standard","has-post-thumbnail","hentry","category-asayis"],"_links":{"self":[{"href":"https:\/\/www.egemtv.com\/index.php?rest_route=\/wp\/v2\/posts\/56508","targetHints":{"allow":["GET"]}}],"collection":[{"href":"https:\/\/www.egemtv.com\/index.php?rest_route=\/wp\/v2\/posts"}],"about":[{"href":"https:\/\/www.egemtv.com\/index.php?rest_route=\/wp\/v2\/types\/post"}],"author":[{"embeddable":true,"href":"https:\/\/www.egemtv.com\/index.php?rest_route=\/wp\/v2\/users\/1"}],"replies":[{"embeddable":true,"href":"https:\/\/www.egemtv.com\/index.php?rest_route=%2Fwp%2Fv2%2Fcomments&post=56508"}],"version-history":[{"count":1,"href":"https:\/\/www.egemtv.com\/index.php?rest_route=\/wp\/v2\/posts\/56508\/revisions"}],"predecessor-version":[{"id":56510,"href":"https:\/\/www.egemtv.com\/index.php?rest_route=\/wp\/v2\/posts\/56508\/revisions\/56510"}],"wp:featuredmedia":[{"embeddable":true,"href":"https:\/\/www.egemtv.com\/index.php?rest_route=\/wp\/v2\/media\/56509"}],"wp:attachment":[{"href":"https:\/\/www.egemtv.com\/index.php?rest_route=%2Fwp%2Fv2%2Fmedia&parent=56508"}],"wp:term":[{"taxonomy":"category","embeddable":true,"href":"https:\/\/www.egemtv.com\/index.php?rest_route=%2Fwp%2Fv2%2Fcategories&post=56508"},{"taxonomy":"post_tag","embeddable":true,"href":"https:\/\/www.egemtv.com\/index.php?rest_route=%2Fwp%2Fv2%2Ftags&post=56508"}],"curies":[{"name":"wp","href":"https:\/\/api.w.org\/{rel}","templated":true}]}}