{"id":56502,"date":"2025-09-22T14:35:50","date_gmt":"2025-09-22T11:35:50","guid":{"rendered":"https:\/\/www.egemtv.com\/?p=56502"},"modified":"2025-09-22T14:35:51","modified_gmt":"2025-09-22T11:35:51","slug":"baskan-cercioglundan-universite-adaylarina-ucretsiz-yks-destegi","status":"publish","type":"post","link":"https:\/\/www.egemtv.com\/?p=56502","title":{"rendered":"Ba\u015fkan \u00c7er\u00e7io\u011flu\u2019ndan \u00fcniversite adaylar\u0131na \u00fccretsiz YKS deste\u011fi"},"content":{"rendered":"<p>Ayd\u0131n B\u00fcy\u00fck\u015fehir Belediyesi, gen\u00e7lerin e\u011fitim yolculu\u011funda yanlar\u0131nda olmaya devam ediyor. Ge\u00e7mi\u015f y\u0131llarda binlerce \u00f6\u011frenciyi \u00fcniversite hayaline kavu\u015fturan B\u00fcy\u00fck\u015fehir Belediyesi, bu y\u0131l da Y\u00fcksek\u00f6\u011fretim Kurumlar\u0131 S\u0131nav\u0131\u2019na (YKS) haz\u0131rlanan adaylar\u0131n yan\u0131nda olacak.<\/p>\n<p>B\u00fcy\u00fck\u015fehir Belediyesi\u2019nin deneyimli \u00f6\u011fretmen kadrosu taraf\u0131ndan verilecek e\u011fitimlerde lise son s\u0131n\u0131f \u00f6\u011frencileri ve mezun adaylar i\u00e7in kurslar a\u00e7\u0131lacak. \u00dccretsiz deneme s\u0131navlar\u0131yla da desteklenecek e\u011fitimlerde \u00f6\u011frenciler s\u0131nav s\u00fcrecine en iyi \u015fekilde haz\u0131rlanacak. Kurslara kay\u0131tlar, 27 Eyl\u00fcl\u2019e kadar B\u00fcy\u00fck\u015fehir Belediyesi Gen\u00e7lik K\u00fclt\u00fcr Merkezi\u2019nde yap\u0131labilecek. \u0130lk ders zili lise \u00f6\u011frencileri i\u00e7in 27 Eyl\u00fcl\u2019de, mezun adaylar i\u00e7in ise 30 Eyl\u00fcl\u2019de \u00e7alacak. E\u011fitimde f\u0131rsat e\u015fitli\u011fi i\u00e7in \u00e7al\u0131\u015fmaya devam edeceklerini vurgulayan Ayd\u0131n B\u00fcy\u00fck\u015fehir Belediye Ba\u015fkan\u0131 \u00d6zlem \u00c7er\u00e7io\u011flu, &#8220;Bug\u00fcne kadar kurslar\u0131m\u0131zdan faydalanan binlerce \u00f6\u011frencimiz \u00fcniversiteyi kazanarak kentimizin gururu oldular. Biz de B\u00fcy\u00fck\u015fehir Belediyesi olarak her ya\u015ftan vatanda\u015f\u0131m\u0131z\u0131n e\u011fitim hayat\u0131na destek olmay\u0131 s\u00fcrd\u00fcrece\u011fiz. Gen\u00e7lerimizin gelece\u011fi i\u00e7in deste\u011fimiz artarak devam edecek&#8221; ifadelerini kulland\u0131.<br \/><\/p>\n","protected":false},"excerpt":{"rendered":"<p>Ayd\u0131n B\u00fcy\u00fck\u015fehir Belediyesi, gen\u00e7lerin e\u011fitim yolculu\u011funda yanlar\u0131nda olmaya devam ediyor. Ge\u00e7mi\u015f y\u0131llarda binlerce \u00f6\u011frenciyi \u00fcniversite hayaline kavu\u015fturan B\u00fcy\u00fck\u015fehir Belediyesi, bu y\u0131l da Y\u00fcksek\u00f6\u011fretim Kurumlar\u0131 S\u0131nav\u0131\u2019na (YKS) haz\u0131rlanan adaylar\u0131n yan\u0131nda olacak. B\u00fcy\u00fck\u015fehir Belediyesi\u2019nin deneyimli \u00f6\u011fretmen kadrosu taraf\u0131ndan verilecek e\u011fitimlerde lise son s\u0131n\u0131f \u00f6\u011frencileri ve mezun adaylar i\u00e7in kurslar a\u00e7\u0131lacak. \u00dccretsiz deneme s\u0131navlar\u0131yla da desteklenecek e\u011fitimlerde \u00f6\u011frenciler&#8230;<\/p>\n","protected":false},"author":1,"featured_media":56503,"comment_status":"open","ping_status":"open","sticky":false,"template":"","format":"standard","meta":{"_crdt_document":"","footnotes":""},"categories":[1],"tags":[],"class_list":["post-56502","post","type-post","status-publish","format-standard","has-post-thumbnail","hentry","category-guncel"],"_links":{"self":[{"href":"https:\/\/www.egemtv.com\/index.php?rest_route=\/wp\/v2\/posts\/56502","targetHints":{"allow":["GET"]}}],"collection":[{"href":"https:\/\/www.egemtv.com\/index.php?rest_route=\/wp\/v2\/posts"}],"about":[{"href":"https:\/\/www.egemtv.com\/index.php?rest_route=\/wp\/v2\/types\/post"}],"author":[{"embeddable":true,"href":"https:\/\/www.egemtv.com\/index.php?rest_route=\/wp\/v2\/users\/1"}],"replies":[{"embeddable":true,"href":"https:\/\/www.egemtv.com\/index.php?rest_route=%2Fwp%2Fv2%2Fcomments&post=56502"}],"version-history":[{"count":1,"href":"https:\/\/www.egemtv.com\/index.php?rest_route=\/wp\/v2\/posts\/56502\/revisions"}],"predecessor-version":[{"id":56504,"href":"https:\/\/www.egemtv.com\/index.php?rest_route=\/wp\/v2\/posts\/56502\/revisions\/56504"}],"wp:featuredmedia":[{"embeddable":true,"href":"https:\/\/www.egemtv.com\/index.php?rest_route=\/wp\/v2\/media\/56503"}],"wp:attachment":[{"href":"https:\/\/www.egemtv.com\/index.php?rest_route=%2Fwp%2Fv2%2Fmedia&parent=56502"}],"wp:term":[{"taxonomy":"category","embeddable":true,"href":"https:\/\/www.egemtv.com\/index.php?rest_route=%2Fwp%2Fv2%2Fcategories&post=56502"},{"taxonomy":"post_tag","embeddable":true,"href":"https:\/\/www.egemtv.com\/index.php?rest_route=%2Fwp%2Fv2%2Ftags&post=56502"}],"curies":[{"name":"wp","href":"https:\/\/api.w.org\/{rel}","templated":true}]}}