{"id":56499,"date":"2025-09-22T14:15:22","date_gmt":"2025-09-22T11:15:22","guid":{"rendered":"https:\/\/www.egemtv.com\/?p=56499"},"modified":"2025-09-22T14:15:22","modified_gmt":"2025-09-22T11:15:22","slug":"efelerde-sanatin-gucuyle-butunlesme-projesi-basladi","status":"publish","type":"post","link":"https:\/\/www.egemtv.com\/?p=56499","title":{"rendered":"Efeler\u2019de \u2019Sanat\u0131n G\u00fcc\u00fcyle B\u00fct\u00fcnle\u015fme\u2019 projesi ba\u015flad\u0131"},"content":{"rendered":"<p>Efeler \u0130l\u00e7e Milli E\u011fitim M\u00fcd\u00fcrl\u00fc\u011f\u00fc\u2019n\u00fcn koordinesinde ba\u015flayan proje ile 30 \u00f6\u011frenci, sanat\u0131n birle\u015ftirici y\u00f6n\u00fcyle bir araya geldi.<\/p>\n<p>Efeler \u0130l\u00e7e Milli E\u011fitim M\u00fcd\u00fcrl\u00fc\u011f\u00fc taraf\u0131ndan y\u00fcr\u00fct\u00fclen &#8220;Akran Kabul\u00fcnde Sanat ve Do\u011fa E\u011fitimi&#8221; projesi hayata ge\u00e7ti. Proje kapsam\u0131nda 30 \u00f6\u011frenci, sanat\u0131n birle\u015ftirici y\u00f6n\u00fcyle bir araya gelerek \u00e7e\u015fitli etkinliklere kat\u0131lacak. Projenin a\u00e7\u0131l\u0131\u015f t\u00f6reninde konu\u015fan Efeler \u0130l\u00e7e Milli E\u011fitim M\u00fcd\u00fcr\u00fc Hakan \u00d6zcan, sanat\u0131n \u00f6\u011frenciler aras\u0131nda g\u00fc\u00e7l\u00fc bir ba\u011f kurdu\u011funu belirterek projenin \u00f6nemine dikkat \u00e7ekti. \u00d6zcan; &#8220;Bu proje, T\u00fcrkiye Y\u00fczy\u0131l\u0131 Maarif Modeli \u0131\u015f\u0131\u011f\u0131nda ve e\u011fitim program\u0131m\u0131za uygun \u015fekilde y\u00fcr\u00fct\u00fcl\u00fcyor. Amac\u0131m\u0131z, \u00f6\u011frencilerimizin hem sanatsal hem de sosyal y\u00f6nden geli\u015fimlerini desteklemektir&#8221; dedi. Projenin, \u00f6\u011frencilerin akran kabul\u00fcn\u00fc g\u00fc\u00e7lendirmesi ve e\u011fitimde f\u0131rsat e\u015fitli\u011fine katk\u0131 sunmas\u0131 hedefleniyor.<br \/><\/p>\n","protected":false},"excerpt":{"rendered":"<p>Efeler \u0130l\u00e7e Milli E\u011fitim M\u00fcd\u00fcrl\u00fc\u011f\u00fc\u2019n\u00fcn koordinesinde ba\u015flayan proje ile 30 \u00f6\u011frenci, sanat\u0131n birle\u015ftirici y\u00f6n\u00fcyle bir araya geldi. Efeler \u0130l\u00e7e Milli E\u011fitim M\u00fcd\u00fcrl\u00fc\u011f\u00fc taraf\u0131ndan y\u00fcr\u00fct\u00fclen &#8220;Akran Kabul\u00fcnde Sanat ve Do\u011fa E\u011fitimi&#8221; projesi hayata ge\u00e7ti. Proje kapsam\u0131nda 30 \u00f6\u011frenci, sanat\u0131n birle\u015ftirici y\u00f6n\u00fcyle bir araya gelerek \u00e7e\u015fitli etkinliklere kat\u0131lacak. Projenin a\u00e7\u0131l\u0131\u015f t\u00f6reninde konu\u015fan Efeler \u0130l\u00e7e Milli E\u011fitim M\u00fcd\u00fcr\u00fc&#8230;<\/p>\n","protected":false},"author":1,"featured_media":56500,"comment_status":"open","ping_status":"open","sticky":false,"template":"","format":"standard","meta":{"_crdt_document":"","footnotes":""},"categories":[1],"tags":[],"class_list":["post-56499","post","type-post","status-publish","format-standard","has-post-thumbnail","hentry","category-guncel"],"_links":{"self":[{"href":"https:\/\/www.egemtv.com\/index.php?rest_route=\/wp\/v2\/posts\/56499","targetHints":{"allow":["GET"]}}],"collection":[{"href":"https:\/\/www.egemtv.com\/index.php?rest_route=\/wp\/v2\/posts"}],"about":[{"href":"https:\/\/www.egemtv.com\/index.php?rest_route=\/wp\/v2\/types\/post"}],"author":[{"embeddable":true,"href":"https:\/\/www.egemtv.com\/index.php?rest_route=\/wp\/v2\/users\/1"}],"replies":[{"embeddable":true,"href":"https:\/\/www.egemtv.com\/index.php?rest_route=%2Fwp%2Fv2%2Fcomments&post=56499"}],"version-history":[{"count":1,"href":"https:\/\/www.egemtv.com\/index.php?rest_route=\/wp\/v2\/posts\/56499\/revisions"}],"predecessor-version":[{"id":56501,"href":"https:\/\/www.egemtv.com\/index.php?rest_route=\/wp\/v2\/posts\/56499\/revisions\/56501"}],"wp:featuredmedia":[{"embeddable":true,"href":"https:\/\/www.egemtv.com\/index.php?rest_route=\/wp\/v2\/media\/56500"}],"wp:attachment":[{"href":"https:\/\/www.egemtv.com\/index.php?rest_route=%2Fwp%2Fv2%2Fmedia&parent=56499"}],"wp:term":[{"taxonomy":"category","embeddable":true,"href":"https:\/\/www.egemtv.com\/index.php?rest_route=%2Fwp%2Fv2%2Fcategories&post=56499"},{"taxonomy":"post_tag","embeddable":true,"href":"https:\/\/www.egemtv.com\/index.php?rest_route=%2Fwp%2Fv2%2Ftags&post=56499"}],"curies":[{"name":"wp","href":"https:\/\/api.w.org\/{rel}","templated":true}]}}