{"id":56469,"date":"2025-09-22T12:56:04","date_gmt":"2025-09-22T09:56:04","guid":{"rendered":"https:\/\/www.egemtv.com\/?p=56469"},"modified":"2025-09-22T12:56:05","modified_gmt":"2025-09-22T09:56:05","slug":"uladaki-yanginda-3-hayvan-telef-oldu","status":"publish","type":"post","link":"https:\/\/www.egemtv.com\/?p=56469","title":{"rendered":"Ula\u2019daki yang\u0131nda 3 hayvan telef oldu"},"content":{"rendered":"<p>Mu\u011fla\u2019n\u0131n Ula il\u00e7esi G\u00f6lc\u00fck Mahallesi\u2019nde sabah saatlerinde \u00e7\u0131kan yang\u0131nda ev ve ah\u0131r kullan\u0131lmaz hale gelirken, 3 hayvan telef oldu.<br \/>\n<br \/>Edinilen bilgiye g\u00f6re, yang\u0131n Salih Ya\u015far\u2019a ait evde saat 08.00 s\u0131ralar\u0131nda \u00e7\u0131kt\u0131. Evden dumanlar\u0131n y\u00fckseldi\u011fini g\u00f6ren vatanda\u015flar\u0131n 112 Acil \u00c7a\u011fr\u0131 Merkezi\u2019ne ihbarda bulunmalar\u0131n\u0131n ard\u0131ndan b\u00f6lgeye itfaiye ekipleri sevk edildi. Olay yerine gelen itfaiye ekipleri alevlere m\u00fcdahale ederek s\u00f6nd\u00fcrd\u00fc. Yang\u0131n s\u0131ras\u0131nda evde kimsenin bulunmad\u0131\u011f\u0131 \u00f6\u011frenilirken, 3 b\u00fcy\u00fckba\u015f hayvan telef oldu. Ev ve Ah\u0131r yang\u0131n sonras\u0131 kullan\u0131lmaz hale geldi.<br \/>\n<br \/>Yang\u0131nla ilgili inceleme ba\u015flat\u0131ld\u0131.<br \/><\/p>\n","protected":false},"excerpt":{"rendered":"<p>Mu\u011fla\u2019n\u0131n Ula il\u00e7esi G\u00f6lc\u00fck Mahallesi\u2019nde sabah saatlerinde \u00e7\u0131kan yang\u0131nda ev ve ah\u0131r kullan\u0131lmaz hale gelirken, 3 hayvan telef oldu. Edinilen bilgiye g\u00f6re, yang\u0131n Salih Ya\u015far\u2019a ait evde saat 08.00 s\u0131ralar\u0131nda \u00e7\u0131kt\u0131. Evden dumanlar\u0131n y\u00fckseldi\u011fini g\u00f6ren vatanda\u015flar\u0131n 112 Acil \u00c7a\u011fr\u0131 Merkezi\u2019ne ihbarda bulunmalar\u0131n\u0131n ard\u0131ndan b\u00f6lgeye itfaiye ekipleri sevk edildi. Olay yerine gelen itfaiye ekipleri alevlere m\u00fcdahale&#8230;<\/p>\n","protected":false},"author":1,"featured_media":56470,"comment_status":"open","ping_status":"open","sticky":false,"template":"","format":"standard","meta":{"_crdt_document":"","footnotes":""},"categories":[5],"tags":[],"class_list":["post-56469","post","type-post","status-publish","format-standard","has-post-thumbnail","hentry","category-asayis"],"_links":{"self":[{"href":"https:\/\/www.egemtv.com\/index.php?rest_route=\/wp\/v2\/posts\/56469","targetHints":{"allow":["GET"]}}],"collection":[{"href":"https:\/\/www.egemtv.com\/index.php?rest_route=\/wp\/v2\/posts"}],"about":[{"href":"https:\/\/www.egemtv.com\/index.php?rest_route=\/wp\/v2\/types\/post"}],"author":[{"embeddable":true,"href":"https:\/\/www.egemtv.com\/index.php?rest_route=\/wp\/v2\/users\/1"}],"replies":[{"embeddable":true,"href":"https:\/\/www.egemtv.com\/index.php?rest_route=%2Fwp%2Fv2%2Fcomments&post=56469"}],"version-history":[{"count":1,"href":"https:\/\/www.egemtv.com\/index.php?rest_route=\/wp\/v2\/posts\/56469\/revisions"}],"predecessor-version":[{"id":56471,"href":"https:\/\/www.egemtv.com\/index.php?rest_route=\/wp\/v2\/posts\/56469\/revisions\/56471"}],"wp:featuredmedia":[{"embeddable":true,"href":"https:\/\/www.egemtv.com\/index.php?rest_route=\/wp\/v2\/media\/56470"}],"wp:attachment":[{"href":"https:\/\/www.egemtv.com\/index.php?rest_route=%2Fwp%2Fv2%2Fmedia&parent=56469"}],"wp:term":[{"taxonomy":"category","embeddable":true,"href":"https:\/\/www.egemtv.com\/index.php?rest_route=%2Fwp%2Fv2%2Fcategories&post=56469"},{"taxonomy":"post_tag","embeddable":true,"href":"https:\/\/www.egemtv.com\/index.php?rest_route=%2Fwp%2Fv2%2Ftags&post=56469"}],"curies":[{"name":"wp","href":"https:\/\/api.w.org\/{rel}","templated":true}]}}