{"id":56466,"date":"2025-09-22T12:56:04","date_gmt":"2025-09-22T09:56:04","guid":{"rendered":"https:\/\/www.egemtv.com\/?p=56466"},"modified":"2025-09-22T12:56:04","modified_gmt":"2025-09-22T09:56:04","slug":"egitim-bir-senden-turgutluda-dayanisma-ve-istisare-toplantisi","status":"publish","type":"post","link":"https:\/\/www.egemtv.com\/?p=56466","title":{"rendered":"E\u011fitim-Bir-Sen\u2019den Turgutlu\u2019da Dayan\u0131\u015fma ve \u0130sti\u015fare Toplant\u0131s\u0131"},"content":{"rendered":"<p>E\u011fitim-Bir-Sen Manisa 1 No\u2019lu \u015eube Ba\u015fkan\u0131 ve Memur-Sen Manisa \u0130l Temsilcisi Ahmet Yasav\u2019\u0131n da kat\u0131ld\u0131\u011f\u0131 ve Turgutlu\u2019da ger\u00e7ekle\u015ftirilen E\u011fitim-Bir-Sen \u0130\u015fyeri Temsilcileri \u0130sti\u015fare Toplant\u0131s\u0131\u2019nda toplu s\u00f6zle\u015fme s\u00fcreci, banka promosyonlar\u0131 ve e\u011fitim \u00e7al\u0131\u015fanlar\u0131n\u0131n sorunlar\u0131 ele al\u0131nd\u0131.<br \/>\n<br \/>E\u011fitim-Bir-Sen Turgutlu \u0130l\u00e7e Te\u015fkilat\u0131 taraf\u0131ndan il\u00e7ede g\u00f6rev yapan i\u015fyeri temsilcilerinin kat\u0131l\u0131m\u0131yla \u0130sti\u015fare Toplant\u0131s\u0131 ger\u00e7ekle\u015ftirildi.<br \/>\n<br \/>Toplant\u0131ya, E\u011fitim-Bir-Sen Manisa 1 No\u2019lu \u015eube Ba\u015fkan\u0131 ve Memur-Sen Manisa \u0130l Temsilcisi Ahmet Yasav, \u015fube y\u00f6netim kurulu \u00fcyeleri, Turgutlu \u0130l\u00e7e Temsilcisi Engin \u00d6mero\u011flu, kad\u0131nlar komisyonu, Gen\u00e7 Memur-Sen temsilcileri ve i\u015fyeri temsilcileri kat\u0131ld\u0131.<br \/>\n<br \/>Programda, 8. D\u00f6nem Toplu S\u00f6zle\u015fme s\u00fcreci ele al\u0131n\u0131rken, e\u011fitim \u00e7al\u0131\u015fanlar\u0131n\u0131n ya\u015fad\u0131\u011f\u0131 sorunlar, \u00e7\u00f6z\u00fcm \u00f6nerileri ve Turgutlu\u2019da e\u011fitime katk\u0131 sa\u011flanabilecek \u00e7al\u0131\u015fmalar isti\u015fare edildi. Ayr\u0131ca banka promosyon s\u00fcre\u00e7leri ile ilgili ya\u015fanan ma\u011fduriyetler de g\u00fcndeme getirildi.<br \/>\n<br \/>E\u011fitim-Bir-Sen Turgutlu \u0130l\u00e7e Temsilcisi Engin \u00d6mero\u011flu, toplant\u0131ya katk\u0131 sunan ve kat\u0131l\u0131m sa\u011flayan t\u00fcm davetlilere te\u015fekk\u00fcr ederek, e\u011fitim \u00e7al\u0131\u015fanlar\u0131n\u0131n hak ve menfaatlerini savunmaya devam edeceklerini ifade etti.<br \/>\n<br \/>E\u011fitim-Bir-Sen Manisa 1 No\u2019lu \u015eube Ba\u015fkan\u0131 Ahmet Yasav ise, toplant\u0131ya ev sahipli\u011fi yapan Turgutlu te\u015fkilat\u0131na te\u015fekk\u00fcr ederek, sendikal m\u00fccadelenin birlik ve dayan\u0131\u015fma i\u00e7erisinde s\u00fcrd\u00fcr\u00fclece\u011fini vurgulad\u0131.<br \/><\/p>\n","protected":false},"excerpt":{"rendered":"<p>E\u011fitim-Bir-Sen Manisa 1 No\u2019lu \u015eube Ba\u015fkan\u0131 ve Memur-Sen Manisa \u0130l Temsilcisi Ahmet Yasav\u2019\u0131n da kat\u0131ld\u0131\u011f\u0131 ve Turgutlu\u2019da ger\u00e7ekle\u015ftirilen E\u011fitim-Bir-Sen \u0130\u015fyeri Temsilcileri \u0130sti\u015fare Toplant\u0131s\u0131\u2019nda toplu s\u00f6zle\u015fme s\u00fcreci, banka promosyonlar\u0131 ve e\u011fitim \u00e7al\u0131\u015fanlar\u0131n\u0131n sorunlar\u0131 ele al\u0131nd\u0131. E\u011fitim-Bir-Sen Turgutlu \u0130l\u00e7e Te\u015fkilat\u0131 taraf\u0131ndan il\u00e7ede g\u00f6rev yapan i\u015fyeri temsilcilerinin kat\u0131l\u0131m\u0131yla \u0130sti\u015fare Toplant\u0131s\u0131 ger\u00e7ekle\u015ftirildi. Toplant\u0131ya, E\u011fitim-Bir-Sen Manisa 1 No\u2019lu \u015eube Ba\u015fkan\u0131&#8230;<\/p>\n","protected":false},"author":1,"featured_media":56467,"comment_status":"open","ping_status":"open","sticky":false,"template":"","format":"standard","meta":{"_crdt_document":"","footnotes":""},"categories":[1],"tags":[],"class_list":["post-56466","post","type-post","status-publish","format-standard","has-post-thumbnail","hentry","category-guncel"],"_links":{"self":[{"href":"https:\/\/www.egemtv.com\/index.php?rest_route=\/wp\/v2\/posts\/56466","targetHints":{"allow":["GET"]}}],"collection":[{"href":"https:\/\/www.egemtv.com\/index.php?rest_route=\/wp\/v2\/posts"}],"about":[{"href":"https:\/\/www.egemtv.com\/index.php?rest_route=\/wp\/v2\/types\/post"}],"author":[{"embeddable":true,"href":"https:\/\/www.egemtv.com\/index.php?rest_route=\/wp\/v2\/users\/1"}],"replies":[{"embeddable":true,"href":"https:\/\/www.egemtv.com\/index.php?rest_route=%2Fwp%2Fv2%2Fcomments&post=56466"}],"version-history":[{"count":1,"href":"https:\/\/www.egemtv.com\/index.php?rest_route=\/wp\/v2\/posts\/56466\/revisions"}],"predecessor-version":[{"id":56468,"href":"https:\/\/www.egemtv.com\/index.php?rest_route=\/wp\/v2\/posts\/56466\/revisions\/56468"}],"wp:featuredmedia":[{"embeddable":true,"href":"https:\/\/www.egemtv.com\/index.php?rest_route=\/wp\/v2\/media\/56467"}],"wp:attachment":[{"href":"https:\/\/www.egemtv.com\/index.php?rest_route=%2Fwp%2Fv2%2Fmedia&parent=56466"}],"wp:term":[{"taxonomy":"category","embeddable":true,"href":"https:\/\/www.egemtv.com\/index.php?rest_route=%2Fwp%2Fv2%2Fcategories&post=56466"},{"taxonomy":"post_tag","embeddable":true,"href":"https:\/\/www.egemtv.com\/index.php?rest_route=%2Fwp%2Fv2%2Ftags&post=56466"}],"curies":[{"name":"wp","href":"https:\/\/api.w.org\/{rel}","templated":true}]}}