{"id":56463,"date":"2025-09-22T12:56:02","date_gmt":"2025-09-22T09:56:02","guid":{"rendered":"https:\/\/www.egemtv.com\/?p=56463"},"modified":"2025-09-22T12:56:03","modified_gmt":"2025-09-22T09:56:03","slug":"gedizde-egitim-sanayi-ve-belediye-is-birligi","status":"publish","type":"post","link":"https:\/\/www.egemtv.com\/?p=56463","title":{"rendered":"Gediz\u2019de e\u011fitim, sanayi ve belediye i\u015f birli\u011fi"},"content":{"rendered":"<p>Gediz\u2019in sosyal, k\u00fclt\u00fcrel ve ekonomik geli\u015fimine katk\u0131 sa\u011flamak amac\u0131yla Gediz Belediyesi, Ticaret ve Sanayi Odas\u0131 ve Gediz Meslek Y\u00fcksekokulu i\u015f birli\u011finde \u00f6nemli bir ad\u0131m at\u0131ld\u0131. Bu i\u015f birli\u011fi kapsam\u0131nda, &#8220;Gediz Meslek Y\u00fcksekokulu K\u00fclt\u00fcr, Dayan\u0131\u015fma, Yapt\u0131rma ve Ya\u015fatma Derne\u011fi&#8221; kuruldu.<br \/>\n<br \/>Ayr\u0131ca, K\u00fctahya Dumlup\u0131nar \u00dcniversitesi Gediz Meslek Y\u00fcksekokulu ile belediye ve sanayi aras\u0131nda kapsaml\u0131 bir i\u015f birli\u011fi protokol\u00fc imzaland\u0131. Bu protokol, e\u011fitsel, bilimsel ve fiziksel altyap\u0131 alanlar\u0131nda ortak \u00e7al\u0131\u015fmalar y\u00fcr\u00fct\u00fclmesini \u00f6ng\u00f6r\u00fcyor. Protokol kapsam\u0131nda seminer, sempozyum, yar\u0131\u015fma gibi akademik etkinliklerin ortakla\u015fa d\u00fczenlenmesi ve gen\u00e7lik merkezi, k\u00fct\u00fcphane, spor tesisleri gibi fiziki alanlar\u0131n ortak kullan\u0131ma a\u00e7\u0131lmas\u0131 planlan\u0131yor.<br \/>\n<br \/>Gediz Belediye Ba\u015fkan\u0131 Necdet Akel, yap\u0131lan i\u015f birli\u011finin il\u00e7enin gelece\u011fi i\u00e7in ta\u015f\u0131d\u0131\u011f\u0131 \u00f6neme dikkat \u00e7ekerek, &#8220;Belediye olarak e\u011fitime ve gen\u00e7lerimize verdi\u011fimiz \u00f6nemi, bu g\u00fc\u00e7l\u00fc ortakl\u0131kla bir \u00fcst seviyeye ta\u015f\u0131yoruz. Gediz\u2019in t\u00fcm payda\u015flar\u0131yla bir araya gelerek, sadece akademik de\u011fil, sosyal ve ekonomik anlamda da il\u00e7emize de\u011fer katacak bir yap\u0131 olu\u015fturduk. Bu ad\u0131m, Gediz\u2019in gelece\u011fine g\u00fc\u00e7l\u00fc bir imza atmakt\u0131r&#8221; dedi.<br \/>\n<br \/>Gediz Meslek Y\u00fcksekokulu M\u00fcd\u00fcr\u00fc Dr. \u00d6\u011fr. \u00dcyesi G\u00f6khan Da\u011f\u0131lgan, protokol\u00fcn akademik faydalar\u0131na de\u011finerek, &#8220;Bu i\u015f birli\u011fi, Meslek Y\u00fcksekokulumuzun e\u011fitim kalitesini art\u0131rmak ve \u00f6\u011frencilerimizin geli\u015fimine katk\u0131 sa\u011flamak i\u00e7in b\u00fcy\u00fck bir f\u0131rsat sunuyor. Ortakla\u015fa d\u00fczenleyece\u011fimiz etkinlikler ve ortak kullan\u0131ma a\u00e7\u0131lacak fiziki alanlar, \u00f6\u011frencilerimizin hem mesleki hem de sosyal olarak daha donan\u0131ml\u0131 yeti\u015fmelerini sa\u011flayacakt\u0131r&#8221; \u015feklinde konu\u015ftu.<br \/>\n<br \/>Gediz Ticaret ve Sanayi Odas\u0131 Ba\u015fkan\u0131 Vedat \u00d6zt\u00fcrk ise projenin ekonomik boyutuna vurgu yapt\u0131. \u00d6zt\u00fcrk, &#8220;\u0130\u015f d\u00fcnyas\u0131 olarak en b\u00fcy\u00fck ihtiyac\u0131m\u0131z, nitelikli ve donan\u0131ml\u0131 i\u015f g\u00fcc\u00fcd\u00fcr. Bu dernek ve i\u015f birli\u011fi, \u00fcniversite ile sanayinin i\u00e7 i\u00e7e \u00e7al\u0131\u015fmas\u0131n\u0131 sa\u011flayarak bu ihtiyaca \u00e7\u00f6z\u00fcm \u00fcretecektir. Gen\u00e7lerimizin teorik bilgiyi pratikle birle\u015ftirmesine imkan tan\u0131yacak bu projeyi desteklemekten b\u00fcy\u00fck mutluluk duyuyoruz&#8221; dedi.<br \/><\/p>\n","protected":false},"excerpt":{"rendered":"<p>Gediz\u2019in sosyal, k\u00fclt\u00fcrel ve ekonomik geli\u015fimine katk\u0131 sa\u011flamak amac\u0131yla Gediz Belediyesi, Ticaret ve Sanayi Odas\u0131 ve Gediz Meslek Y\u00fcksekokulu i\u015f birli\u011finde \u00f6nemli bir ad\u0131m at\u0131ld\u0131. Bu i\u015f birli\u011fi kapsam\u0131nda, &#8220;Gediz Meslek Y\u00fcksekokulu K\u00fclt\u00fcr, Dayan\u0131\u015fma, Yapt\u0131rma ve Ya\u015fatma Derne\u011fi&#8221; kuruldu. Ayr\u0131ca, K\u00fctahya Dumlup\u0131nar \u00dcniversitesi Gediz Meslek Y\u00fcksekokulu ile belediye ve sanayi aras\u0131nda kapsaml\u0131 bir i\u015f birli\u011fi&#8230;<\/p>\n","protected":false},"author":1,"featured_media":56464,"comment_status":"open","ping_status":"open","sticky":false,"template":"","format":"standard","meta":{"_crdt_document":"","footnotes":""},"categories":[1],"tags":[],"class_list":["post-56463","post","type-post","status-publish","format-standard","has-post-thumbnail","hentry","category-guncel"],"_links":{"self":[{"href":"https:\/\/www.egemtv.com\/index.php?rest_route=\/wp\/v2\/posts\/56463","targetHints":{"allow":["GET"]}}],"collection":[{"href":"https:\/\/www.egemtv.com\/index.php?rest_route=\/wp\/v2\/posts"}],"about":[{"href":"https:\/\/www.egemtv.com\/index.php?rest_route=\/wp\/v2\/types\/post"}],"author":[{"embeddable":true,"href":"https:\/\/www.egemtv.com\/index.php?rest_route=\/wp\/v2\/users\/1"}],"replies":[{"embeddable":true,"href":"https:\/\/www.egemtv.com\/index.php?rest_route=%2Fwp%2Fv2%2Fcomments&post=56463"}],"version-history":[{"count":1,"href":"https:\/\/www.egemtv.com\/index.php?rest_route=\/wp\/v2\/posts\/56463\/revisions"}],"predecessor-version":[{"id":56465,"href":"https:\/\/www.egemtv.com\/index.php?rest_route=\/wp\/v2\/posts\/56463\/revisions\/56465"}],"wp:featuredmedia":[{"embeddable":true,"href":"https:\/\/www.egemtv.com\/index.php?rest_route=\/wp\/v2\/media\/56464"}],"wp:attachment":[{"href":"https:\/\/www.egemtv.com\/index.php?rest_route=%2Fwp%2Fv2%2Fmedia&parent=56463"}],"wp:term":[{"taxonomy":"category","embeddable":true,"href":"https:\/\/www.egemtv.com\/index.php?rest_route=%2Fwp%2Fv2%2Fcategories&post=56463"},{"taxonomy":"post_tag","embeddable":true,"href":"https:\/\/www.egemtv.com\/index.php?rest_route=%2Fwp%2Fv2%2Ftags&post=56463"}],"curies":[{"name":"wp","href":"https:\/\/api.w.org\/{rel}","templated":true}]}}