{"id":56460,"date":"2025-09-22T12:34:53","date_gmt":"2025-09-22T09:34:53","guid":{"rendered":"https:\/\/www.egemtv.com\/?p=56460"},"modified":"2025-09-22T12:34:54","modified_gmt":"2025-09-22T09:34:54","slug":"sunnetci-her-ogrencimiz-icin-kendini-degerli-hissettirecek-yaklasim-onemli","status":"publish","type":"post","link":"https:\/\/www.egemtv.com\/?p=56460","title":{"rendered":"S\u00fcnnetci: &#8220;Her \u00f6\u011frencimiz i\u00e7in kendini de\u011ferli hissettirecek yakla\u015f\u0131m \u00f6nemli&#8221;"},"content":{"rendered":"<p>Afyonkarahisar \u0130l Milli E\u011fitim M\u00fcd\u00fcr\u00fc Mira\u00e7 S\u00fcnnetci \u00f6zel e\u011fitim \u00f6\u011fretmenlerine seslenerek, &#8220;Her bireyin \u00f6zel oldu\u011fu felsefesiyle, her \u00f6\u011frencimiz i\u00e7in kendini de\u011ferli hissettirecek yakla\u015f\u0131mlar\u0131n vicdanlar\u0131m\u0131z\u0131 her daim huzurla dolduraca\u011f\u0131n\u0131 unutmamam\u0131z gerekti\u011fini bilmeliyiz&#8221; dedi.<br \/>\n<br \/>S\u00fcnnetci, \u00f6zel e\u011fitim \u00f6\u011fretmenlerine y\u00f6nelik ger\u00e7ekle\u015ftirilen seminere kat\u0131ld\u0131. Seminerde Afyon Kocatepe \u00dcniversitesi E\u011fitim Fak\u00fcltesi \u00d6zel E\u011fitim B\u00f6l\u00fcm\u00fc Zihin Engelliler E\u011fitimi Anabilim Dal\u0131 \u00f6\u011fretim \u00fcyesi Hasan K\u0131z\u0131lkaya \u00f6\u011fretmenlere bir sunum ger\u00e7ekle\u015ftirdi.<br \/>\n<br \/>S\u00fcnnetci seminer a\u00e7\u0131l\u0131\u015f konu\u015fmas\u0131nda &#8220;\u00d6zel e\u011fitim \u00f6\u011frencilerimizin ilgi ve hassasiyetlerini g\u00f6zetmenin bir e\u011fitimcinin asli vazifesi oldu\u011funu, toplumsal sorumluluk ve fark\u0131ndal\u0131k olu\u015fturmak amac\u0131yla \u00f6\u011frencilerimize her zaman sevgi ve \u015fefkatle yakla\u015fmam\u0131z gerekti\u011fini belirtti. Ayr\u0131ca her bireyin \u00f6zel oldu\u011fu felsefesiyle, her \u00f6\u011frencimiz i\u00e7in kendini de\u011ferli hissettirecek yakla\u015f\u0131mlar\u0131n vicdanlar\u0131m\u0131z\u0131 her daim huzurla dolduraca\u011f\u0131n\u0131 unutmamam\u0131z gerekti\u011fini bilmeliyiz&#8221; dedi.<br \/>\n<br \/>K\u0131z\u0131lkaya ise stres y\u00f6netimi, \u00f6zel gereksinimli bireyler ve aileleriyle etkili ileti\u015fim, hizmet veren profesyonellerin tutum ve yakla\u015f\u0131mlar\u0131 konular\u0131na de\u011finerek \u00f6\u011fretmenlerimizin mesleki geli\u015fimlerine katk\u0131 sundu.<br \/><\/p>\n","protected":false},"excerpt":{"rendered":"<p>Afyonkarahisar \u0130l Milli E\u011fitim M\u00fcd\u00fcr\u00fc Mira\u00e7 S\u00fcnnetci \u00f6zel e\u011fitim \u00f6\u011fretmenlerine seslenerek, &#8220;Her bireyin \u00f6zel oldu\u011fu felsefesiyle, her \u00f6\u011frencimiz i\u00e7in kendini de\u011ferli hissettirecek yakla\u015f\u0131mlar\u0131n vicdanlar\u0131m\u0131z\u0131 her daim huzurla dolduraca\u011f\u0131n\u0131 unutmamam\u0131z gerekti\u011fini bilmeliyiz&#8221; dedi. S\u00fcnnetci, \u00f6zel e\u011fitim \u00f6\u011fretmenlerine y\u00f6nelik ger\u00e7ekle\u015ftirilen seminere kat\u0131ld\u0131. Seminerde Afyon Kocatepe \u00dcniversitesi E\u011fitim Fak\u00fcltesi \u00d6zel E\u011fitim B\u00f6l\u00fcm\u00fc Zihin Engelliler E\u011fitimi Anabilim Dal\u0131 \u00f6\u011fretim&#8230;<\/p>\n","protected":false},"author":1,"featured_media":56461,"comment_status":"open","ping_status":"open","sticky":false,"template":"","format":"standard","meta":{"_crdt_document":"","footnotes":""},"categories":[1],"tags":[],"class_list":["post-56460","post","type-post","status-publish","format-standard","has-post-thumbnail","hentry","category-guncel"],"_links":{"self":[{"href":"https:\/\/www.egemtv.com\/index.php?rest_route=\/wp\/v2\/posts\/56460","targetHints":{"allow":["GET"]}}],"collection":[{"href":"https:\/\/www.egemtv.com\/index.php?rest_route=\/wp\/v2\/posts"}],"about":[{"href":"https:\/\/www.egemtv.com\/index.php?rest_route=\/wp\/v2\/types\/post"}],"author":[{"embeddable":true,"href":"https:\/\/www.egemtv.com\/index.php?rest_route=\/wp\/v2\/users\/1"}],"replies":[{"embeddable":true,"href":"https:\/\/www.egemtv.com\/index.php?rest_route=%2Fwp%2Fv2%2Fcomments&post=56460"}],"version-history":[{"count":1,"href":"https:\/\/www.egemtv.com\/index.php?rest_route=\/wp\/v2\/posts\/56460\/revisions"}],"predecessor-version":[{"id":56462,"href":"https:\/\/www.egemtv.com\/index.php?rest_route=\/wp\/v2\/posts\/56460\/revisions\/56462"}],"wp:featuredmedia":[{"embeddable":true,"href":"https:\/\/www.egemtv.com\/index.php?rest_route=\/wp\/v2\/media\/56461"}],"wp:attachment":[{"href":"https:\/\/www.egemtv.com\/index.php?rest_route=%2Fwp%2Fv2%2Fmedia&parent=56460"}],"wp:term":[{"taxonomy":"category","embeddable":true,"href":"https:\/\/www.egemtv.com\/index.php?rest_route=%2Fwp%2Fv2%2Fcategories&post=56460"},{"taxonomy":"post_tag","embeddable":true,"href":"https:\/\/www.egemtv.com\/index.php?rest_route=%2Fwp%2Fv2%2Ftags&post=56460"}],"curies":[{"name":"wp","href":"https:\/\/api.w.org\/{rel}","templated":true}]}}