{"id":56457,"date":"2025-09-22T12:34:52","date_gmt":"2025-09-22T09:34:52","guid":{"rendered":"https:\/\/www.egemtv.com\/?p=56457"},"modified":"2025-09-22T12:34:53","modified_gmt":"2025-09-22T09:34:53","slug":"afyonkarahisarda-hava-durumu-6","status":"publish","type":"post","link":"https:\/\/www.egemtv.com\/?p=56457","title":{"rendered":"Afyonkarahisar\u2019da hava durumu"},"content":{"rendered":"<p>Afyonkarahisar yeni haftaya a\u00e7\u0131k ve s\u0131cak bir hava ile ba\u015flarken, s\u0131cakl\u0131klar\u0131n \u00f6zellikle ak\u015famlar\u0131 hissedilir derecelerde azalaca\u011f\u0131 belirtildi.<br \/>\n<br \/>Meteorolojiden al\u0131nan verilerek g\u00f6re kentte hafta boyunca ya\u011f\u0131\u015f beklenmezken s\u0131cakl\u0131klar\u0131n ise g\u00fcnd\u00fczleri 27 derece seviyelerinde olmas\u0131 bekleniyor. S\u0131cakl\u0131k de\u011ferlerinin ise ak\u015famlar\u0131 hissedilir derecelerde azalarak 11 derece seviyelerini d\u00fc\u015fmesi bekleniyor.<br \/><\/p>\n","protected":false},"excerpt":{"rendered":"<p>Afyonkarahisar yeni haftaya a\u00e7\u0131k ve s\u0131cak bir hava ile ba\u015flarken, s\u0131cakl\u0131klar\u0131n \u00f6zellikle ak\u015famlar\u0131 hissedilir derecelerde azalaca\u011f\u0131 belirtildi. Meteorolojiden al\u0131nan verilerek g\u00f6re kentte hafta boyunca ya\u011f\u0131\u015f beklenmezken s\u0131cakl\u0131klar\u0131n ise g\u00fcnd\u00fczleri 27 derece seviyelerinde olmas\u0131 bekleniyor. S\u0131cakl\u0131k de\u011ferlerinin ise ak\u015famlar\u0131 hissedilir derecelerde azalarak 11 derece seviyelerini d\u00fc\u015fmesi bekleniyor.<\/p>\n","protected":false},"author":1,"featured_media":56458,"comment_status":"open","ping_status":"open","sticky":false,"template":"","format":"standard","meta":{"_crdt_document":"","footnotes":""},"categories":[1],"tags":[],"class_list":["post-56457","post","type-post","status-publish","format-standard","has-post-thumbnail","hentry","category-guncel"],"_links":{"self":[{"href":"https:\/\/www.egemtv.com\/index.php?rest_route=\/wp\/v2\/posts\/56457","targetHints":{"allow":["GET"]}}],"collection":[{"href":"https:\/\/www.egemtv.com\/index.php?rest_route=\/wp\/v2\/posts"}],"about":[{"href":"https:\/\/www.egemtv.com\/index.php?rest_route=\/wp\/v2\/types\/post"}],"author":[{"embeddable":true,"href":"https:\/\/www.egemtv.com\/index.php?rest_route=\/wp\/v2\/users\/1"}],"replies":[{"embeddable":true,"href":"https:\/\/www.egemtv.com\/index.php?rest_route=%2Fwp%2Fv2%2Fcomments&post=56457"}],"version-history":[{"count":1,"href":"https:\/\/www.egemtv.com\/index.php?rest_route=\/wp\/v2\/posts\/56457\/revisions"}],"predecessor-version":[{"id":56459,"href":"https:\/\/www.egemtv.com\/index.php?rest_route=\/wp\/v2\/posts\/56457\/revisions\/56459"}],"wp:featuredmedia":[{"embeddable":true,"href":"https:\/\/www.egemtv.com\/index.php?rest_route=\/wp\/v2\/media\/56458"}],"wp:attachment":[{"href":"https:\/\/www.egemtv.com\/index.php?rest_route=%2Fwp%2Fv2%2Fmedia&parent=56457"}],"wp:term":[{"taxonomy":"category","embeddable":true,"href":"https:\/\/www.egemtv.com\/index.php?rest_route=%2Fwp%2Fv2%2Fcategories&post=56457"},{"taxonomy":"post_tag","embeddable":true,"href":"https:\/\/www.egemtv.com\/index.php?rest_route=%2Fwp%2Fv2%2Ftags&post=56457"}],"curies":[{"name":"wp","href":"https:\/\/api.w.org\/{rel}","templated":true}]}}