{"id":56454,"date":"2025-09-22T12:34:51","date_gmt":"2025-09-22T09:34:51","guid":{"rendered":"https:\/\/www.egemtv.com\/?p=56454"},"modified":"2025-09-22T12:34:52","modified_gmt":"2025-09-22T09:34:52","slug":"bu-koyun-kiraathane-kulturu-bir-asirdir-degismedi","status":"publish","type":"post","link":"https:\/\/www.egemtv.com\/?p=56454","title":{"rendered":"Bu k\u00f6y\u00fcn k\u0131raathane k\u00fclt\u00fcr\u00fc bir as\u0131rd\u0131r de\u011fi\u015fmedi"},"content":{"rendered":"<p>Ayd\u0131n ile \u0130zmir aras\u0131nda kalan \u00d6demi\u015f il\u00e7esine ba\u011fl\u0131 Hamamk\u00f6y\u2019de k\u0131raathane k\u00fclt\u00fcr\u00fc as\u0131rlard\u0131r hi\u00e7 de\u011fi\u015fmedi. Halen \u00e7ay ve kahvenin odun ate\u015finde pi\u015firilip demlendi\u011fi k\u00f6yde, sadece \u00e7ay ve kahve k\u00fclt\u00fcr\u00fc de\u011fil T\u00fcrklerin misafirperverlik k\u00fclt\u00fcr\u00fc de hi\u00e7 bozulmadan s\u00fcrd\u00fcr\u00fcl\u00fcyor. \u00c7ay\u0131 da \u00e7ayc\u0131s\u0131 da nostaljik olan k\u00f6yde \u00e7ay fiyatlar\u0131 pahal\u0131l\u0131\u011f\u0131 ile de\u011fil ucuzlu\u011fu ile \u015fa\u015f\u0131rt\u0131yor. K\u00f6yde bir bardak \u00e7ay 7 liraya sat\u0131l\u0131rken t\u00fcketim ne kadar olursa olsun sudan para al\u0131nm\u0131yor.<\/p>\n<p>Ayd\u0131n da\u011flar\u0131n\u0131n merkez k\u00f6y\u00fc olan ve b\u00f6lge halk\u0131 taraf\u0131ndan Mendeg\u00fcme olarak bilinen \u00d6demi\u015f \u0130l\u00e7esi\u2019ne ba\u011fl\u0131 Hamamk\u00f6y\u2019de k\u0131raathanelerde kesinlikle elektrikli ya da t\u00fcpl\u00fc ocak kullan\u0131lm\u0131yor. \u00c7ay ve kahvenin odun ate\u015finde demlenip servis edildi\u011fi k\u00f6y\u00fcn 80 ya\u015f\u0131ndaki k\u0131raathane i\u015fletmecisi S\u00fcleyman Boran, k\u00f6yde sadece \u00e7ay kahve servis etmediklerini ayn\u0131 zamanda Osmanl\u0131\u2019dan bu yana s\u00fcre gelen \u00f6nemli bir k\u00fclt\u00fcr\u00fc de ya\u015fatmaya \u00e7al\u0131\u015ft\u0131klar\u0131n\u0131 s\u00f6yledi.<\/p>\n<p>&#8220;\u015eafak s\u00f6k\u00fcnce k\u00f6yl\u00fcn\u00fcn ve yolcular\u0131n \u00e7ay\u0131 haz\u0131r ediliyor&#8221;<br \/>\n<br \/>K\u0131raathane i\u015fletmecili\u011finin asl\u0131nda \u00f6nemli bir k\u00fclt\u00fcr oldu\u011funu ve kahvecilik mesle\u011finin asl\u0131nda sadece \u00e7ay demleyip m\u00fc\u015fteriye servis etmek olmad\u0131\u011f\u0131n\u0131 belirten S\u00fcleyman Boran, &#8220;Bir beldenin esnaf ve sanatkar\u0131 asl\u0131nda o beldenin aynas\u0131 gibidir. D\u0131\u015far\u0131dan gelenlerin intibas\u0131 o beldedeki esnaf\u0131n davran\u0131\u015flar\u0131 ile olu\u015fur. \u00d6zellikle k\u00f6ylerde al\u0131\u015fveri\u015f ve i\u015f g\u00f6r\u00fc\u015fmeleri k\u0131raathanelerde yap\u0131l\u0131r. Yani yeni nesil kafeteryalar asla bizim k\u0131raathanelerle ayn\u0131 de\u011fildir. Biz sabah erkenden kalkar \u015fafak s\u00f6kerken k\u00f6yl\u00fcn\u00fcn \u00e7ay\u0131n\u0131 demleriz. Yolda kalana yard\u0131mc\u0131 oluruz. Yani k\u0131raathane k\u00fclt\u00fcr\u00fcn\u00fc devam ettirmeye \u00e7al\u0131\u015f\u0131rken \u00e7ay ve kahve demlemede de geli\u015fen teknolojiye ra\u011fmen kesinlikle odun ate\u015finden vazge\u00e7meyiz&#8221; dedi.<br \/><\/p>\n","protected":false},"excerpt":{"rendered":"<p>Ayd\u0131n ile \u0130zmir aras\u0131nda kalan \u00d6demi\u015f il\u00e7esine ba\u011fl\u0131 Hamamk\u00f6y\u2019de k\u0131raathane k\u00fclt\u00fcr\u00fc as\u0131rlard\u0131r hi\u00e7 de\u011fi\u015fmedi. Halen \u00e7ay ve kahvenin odun ate\u015finde pi\u015firilip demlendi\u011fi k\u00f6yde, sadece \u00e7ay ve kahve k\u00fclt\u00fcr\u00fc de\u011fil T\u00fcrklerin misafirperverlik k\u00fclt\u00fcr\u00fc de hi\u00e7 bozulmadan s\u00fcrd\u00fcr\u00fcl\u00fcyor. \u00c7ay\u0131 da \u00e7ayc\u0131s\u0131 da nostaljik olan k\u00f6yde \u00e7ay fiyatlar\u0131 pahal\u0131l\u0131\u011f\u0131 ile de\u011fil ucuzlu\u011fu ile \u015fa\u015f\u0131rt\u0131yor. K\u00f6yde bir bardak \u00e7ay&#8230;<\/p>\n","protected":false},"author":1,"featured_media":56455,"comment_status":"open","ping_status":"open","sticky":false,"template":"","format":"standard","meta":{"_crdt_document":"","footnotes":""},"categories":[1],"tags":[],"class_list":["post-56454","post","type-post","status-publish","format-standard","has-post-thumbnail","hentry","category-guncel"],"_links":{"self":[{"href":"https:\/\/www.egemtv.com\/index.php?rest_route=\/wp\/v2\/posts\/56454","targetHints":{"allow":["GET"]}}],"collection":[{"href":"https:\/\/www.egemtv.com\/index.php?rest_route=\/wp\/v2\/posts"}],"about":[{"href":"https:\/\/www.egemtv.com\/index.php?rest_route=\/wp\/v2\/types\/post"}],"author":[{"embeddable":true,"href":"https:\/\/www.egemtv.com\/index.php?rest_route=\/wp\/v2\/users\/1"}],"replies":[{"embeddable":true,"href":"https:\/\/www.egemtv.com\/index.php?rest_route=%2Fwp%2Fv2%2Fcomments&post=56454"}],"version-history":[{"count":1,"href":"https:\/\/www.egemtv.com\/index.php?rest_route=\/wp\/v2\/posts\/56454\/revisions"}],"predecessor-version":[{"id":56456,"href":"https:\/\/www.egemtv.com\/index.php?rest_route=\/wp\/v2\/posts\/56454\/revisions\/56456"}],"wp:featuredmedia":[{"embeddable":true,"href":"https:\/\/www.egemtv.com\/index.php?rest_route=\/wp\/v2\/media\/56455"}],"wp:attachment":[{"href":"https:\/\/www.egemtv.com\/index.php?rest_route=%2Fwp%2Fv2%2Fmedia&parent=56454"}],"wp:term":[{"taxonomy":"category","embeddable":true,"href":"https:\/\/www.egemtv.com\/index.php?rest_route=%2Fwp%2Fv2%2Fcategories&post=56454"},{"taxonomy":"post_tag","embeddable":true,"href":"https:\/\/www.egemtv.com\/index.php?rest_route=%2Fwp%2Fv2%2Ftags&post=56454"}],"curies":[{"name":"wp","href":"https:\/\/api.w.org\/{rel}","templated":true}]}}