{"id":56445,"date":"2025-09-22T12:15:57","date_gmt":"2025-09-22T09:15:57","guid":{"rendered":"https:\/\/www.egemtv.com\/?p=56445"},"modified":"2025-09-22T12:15:58","modified_gmt":"2025-09-22T09:15:58","slug":"aliaga-fk-iceride-kazaniyor-disarida-kaybediyor","status":"publish","type":"post","link":"https:\/\/www.egemtv.com\/?p=56445","title":{"rendered":"Alia\u011fa FK, i\u00e7eride kazan\u0131yor d\u0131\u015far\u0131da kaybediyor"},"content":{"rendered":"<p>Alia\u011fa FK, TFF 2. Lig K\u0131rm\u0131z\u0131 Grup\u2019ta \u015fu ana kadar oynad\u0131\u011f\u0131 5 ma\u00e7ta 3 galibiyet ve 2 ma\u011flubiyete imza att\u0131. \u0130zmir ekibi, i\u00e7 sahadaki ma\u00e7lar\u0131 kazan\u0131rken, d\u0131\u015f sahada ise hen\u00fcz galibiyet alamad\u0131.<br \/>\n<br \/>TFF 2. Lig K\u0131rm\u0131z\u0131 Grup\u2019ta m\u00fccadele eden Alia\u011fa FK, 5. hafta ma\u00e7\u0131nda Ankara Demirspor\u2019u konuk etti. Alia\u011fa Atat\u00fcrk Stadyumu\u2019nda oynanan kar\u015f\u0131la\u015fmay\u0131 \u0130zmir temsilcisi 2-0\u2019l\u0131k net bir skorla kazanarak \u00f6nemli bir galibiyete imza att\u0131. Teknik direkt\u00f6r Polat \u00c7etin y\u00f6netimindeki sar\u0131-siyahl\u0131lar, bu sonu\u00e7la sezonun \u00fc\u00e7\u00fcnc\u00fc galibiyetini elde etti. \u0130\u00e7 sahada oynad\u0131\u011f\u0131 t\u00fcm ma\u00e7lar\u0131 kazanarak g\u00fc\u00e7l\u00fc bir performans sergileyen Alia\u011fa FK, deplasman kar\u015f\u0131la\u015fmalar\u0131nda ise ayn\u0131 ba\u015far\u0131y\u0131 g\u00f6steremedi. Alia\u011fa FK, \u015fu ana kadar d\u0131\u015f sahada oynad\u0131\u011f\u0131 iki ma\u00e7tan da ma\u011flubiyetle ayr\u0131ld\u0131.<\/p>\n<p>Hedef ilk deplasman galibiyeti<br \/>\n<br \/>\u0130zmir temsilcisi Alia\u011fa FK, 28 Eyl\u00fcl Pazar g\u00fcn\u00fc deplasmanda Manisa ekibi Somaspor\u2019la kar\u015f\u0131 kar\u015f\u0131ya gelecek. Teknik direkt\u00f6r Polat \u00c7etin ve \u00f6\u011frencileri, bu zorlu m\u00fccadeleyi kazanarak sezonun ilk d\u0131\u015f saha galibiyetini almak istiyor. Alia\u011fa FK, bu sezon deplasmanda oynad\u0131\u011f\u0131 Gebze ve Mardin 1969 ma\u00e7lar\u0131ndan puan \u00e7\u0131karamam\u0131\u015f, ne beraberlik ne de galibiyet elde edebilmi\u015fti. Sar\u0131-siyahl\u0131 ekip, Somaspor kar\u015f\u0131s\u0131nda bu k\u00f6t\u00fc deplasman serisini sona erdirmeyi hedefliyor.<br \/><\/p>\n","protected":false},"excerpt":{"rendered":"<p>Alia\u011fa FK, TFF 2. Lig K\u0131rm\u0131z\u0131 Grup\u2019ta \u015fu ana kadar oynad\u0131\u011f\u0131 5 ma\u00e7ta 3 galibiyet ve 2 ma\u011flubiyete imza att\u0131. \u0130zmir ekibi, i\u00e7 sahadaki ma\u00e7lar\u0131 kazan\u0131rken, d\u0131\u015f sahada ise hen\u00fcz galibiyet alamad\u0131. TFF 2. Lig K\u0131rm\u0131z\u0131 Grup\u2019ta m\u00fccadele eden Alia\u011fa FK, 5. hafta ma\u00e7\u0131nda Ankara Demirspor\u2019u konuk etti. Alia\u011fa Atat\u00fcrk Stadyumu\u2019nda oynanan kar\u015f\u0131la\u015fmay\u0131 \u0130zmir temsilcisi&#8230;<\/p>\n","protected":false},"author":1,"featured_media":56446,"comment_status":"open","ping_status":"open","sticky":false,"template":"","format":"standard","meta":{"_crdt_document":"","footnotes":""},"categories":[4],"tags":[],"class_list":["post-56445","post","type-post","status-publish","format-standard","has-post-thumbnail","hentry","category-spor"],"_links":{"self":[{"href":"https:\/\/www.egemtv.com\/index.php?rest_route=\/wp\/v2\/posts\/56445","targetHints":{"allow":["GET"]}}],"collection":[{"href":"https:\/\/www.egemtv.com\/index.php?rest_route=\/wp\/v2\/posts"}],"about":[{"href":"https:\/\/www.egemtv.com\/index.php?rest_route=\/wp\/v2\/types\/post"}],"author":[{"embeddable":true,"href":"https:\/\/www.egemtv.com\/index.php?rest_route=\/wp\/v2\/users\/1"}],"replies":[{"embeddable":true,"href":"https:\/\/www.egemtv.com\/index.php?rest_route=%2Fwp%2Fv2%2Fcomments&post=56445"}],"version-history":[{"count":1,"href":"https:\/\/www.egemtv.com\/index.php?rest_route=\/wp\/v2\/posts\/56445\/revisions"}],"predecessor-version":[{"id":56447,"href":"https:\/\/www.egemtv.com\/index.php?rest_route=\/wp\/v2\/posts\/56445\/revisions\/56447"}],"wp:featuredmedia":[{"embeddable":true,"href":"https:\/\/www.egemtv.com\/index.php?rest_route=\/wp\/v2\/media\/56446"}],"wp:attachment":[{"href":"https:\/\/www.egemtv.com\/index.php?rest_route=%2Fwp%2Fv2%2Fmedia&parent=56445"}],"wp:term":[{"taxonomy":"category","embeddable":true,"href":"https:\/\/www.egemtv.com\/index.php?rest_route=%2Fwp%2Fv2%2Fcategories&post=56445"},{"taxonomy":"post_tag","embeddable":true,"href":"https:\/\/www.egemtv.com\/index.php?rest_route=%2Fwp%2Fv2%2Ftags&post=56445"}],"curies":[{"name":"wp","href":"https:\/\/api.w.org\/{rel}","templated":true}]}}