{"id":56442,"date":"2025-09-22T11:55:23","date_gmt":"2025-09-22T08:55:23","guid":{"rendered":"https:\/\/www.egemtv.com\/?p=56442"},"modified":"2025-09-22T11:55:23","modified_gmt":"2025-09-22T08:55:23","slug":"kuslarin-dans-seklindeki-gosterisi-gorenleri-mest-etti","status":"publish","type":"post","link":"https:\/\/www.egemtv.com\/?p=56442","title":{"rendered":"Ku\u015flar\u0131n dans \u015feklindeki g\u00f6sterisi g\u00f6renleri mest etti"},"content":{"rendered":"<p>Afyonkarahisar\u2019da ku\u015flar\u0131n dans eder \u015fekilde s\u00fcz\u00fcld\u00fckleri g\u00f6r\u00fcnt\u00fcler g\u00f6renleri adeta mest etti.<br \/>\n<br \/>Kent merkezinde ya\u015fanan olayda ku\u015flar\u0131n s\u00fcr\u00fcler halinde belli bir ahenk i\u00e7erisinde s\u00fcz\u00fcld\u00fckleri g\u00f6renleri adeta bir dans g\u00f6sterisini ak\u0131llara getirdi. Ku\u015flar\u0131n g\u00f6r\u00fcnt\u00fcs\u00fcn\u00fc g\u00f6renler ise cep telefonlar\u0131na sar\u0131larak e\u015fine ender rastlanan bu ilgin\u00e7 do\u011fa olay\u0131n\u0131 kay\u0131t alt\u0131na almak i\u00e7in adeta bir birleriyle yar\u0131\u015ft\u0131lar.<br \/><\/p>\n","protected":false},"excerpt":{"rendered":"<p>Afyonkarahisar\u2019da ku\u015flar\u0131n dans eder \u015fekilde s\u00fcz\u00fcld\u00fckleri g\u00f6r\u00fcnt\u00fcler g\u00f6renleri adeta mest etti. Kent merkezinde ya\u015fanan olayda ku\u015flar\u0131n s\u00fcr\u00fcler halinde belli bir ahenk i\u00e7erisinde s\u00fcz\u00fcld\u00fckleri g\u00f6renleri adeta bir dans g\u00f6sterisini ak\u0131llara getirdi. Ku\u015flar\u0131n g\u00f6r\u00fcnt\u00fcs\u00fcn\u00fc g\u00f6renler ise cep telefonlar\u0131na sar\u0131larak e\u015fine ender rastlanan bu ilgin\u00e7 do\u011fa olay\u0131n\u0131 kay\u0131t alt\u0131na almak i\u00e7in adeta bir birleriyle yar\u0131\u015ft\u0131lar.<\/p>\n","protected":false},"author":1,"featured_media":56443,"comment_status":"open","ping_status":"open","sticky":false,"template":"","format":"standard","meta":{"_crdt_document":"","footnotes":""},"categories":[1],"tags":[],"class_list":["post-56442","post","type-post","status-publish","format-standard","has-post-thumbnail","hentry","category-guncel"],"_links":{"self":[{"href":"https:\/\/www.egemtv.com\/index.php?rest_route=\/wp\/v2\/posts\/56442","targetHints":{"allow":["GET"]}}],"collection":[{"href":"https:\/\/www.egemtv.com\/index.php?rest_route=\/wp\/v2\/posts"}],"about":[{"href":"https:\/\/www.egemtv.com\/index.php?rest_route=\/wp\/v2\/types\/post"}],"author":[{"embeddable":true,"href":"https:\/\/www.egemtv.com\/index.php?rest_route=\/wp\/v2\/users\/1"}],"replies":[{"embeddable":true,"href":"https:\/\/www.egemtv.com\/index.php?rest_route=%2Fwp%2Fv2%2Fcomments&post=56442"}],"version-history":[{"count":1,"href":"https:\/\/www.egemtv.com\/index.php?rest_route=\/wp\/v2\/posts\/56442\/revisions"}],"predecessor-version":[{"id":56444,"href":"https:\/\/www.egemtv.com\/index.php?rest_route=\/wp\/v2\/posts\/56442\/revisions\/56444"}],"wp:featuredmedia":[{"embeddable":true,"href":"https:\/\/www.egemtv.com\/index.php?rest_route=\/wp\/v2\/media\/56443"}],"wp:attachment":[{"href":"https:\/\/www.egemtv.com\/index.php?rest_route=%2Fwp%2Fv2%2Fmedia&parent=56442"}],"wp:term":[{"taxonomy":"category","embeddable":true,"href":"https:\/\/www.egemtv.com\/index.php?rest_route=%2Fwp%2Fv2%2Fcategories&post=56442"},{"taxonomy":"post_tag","embeddable":true,"href":"https:\/\/www.egemtv.com\/index.php?rest_route=%2Fwp%2Fv2%2Ftags&post=56442"}],"curies":[{"name":"wp","href":"https:\/\/api.w.org\/{rel}","templated":true}]}}