{"id":56436,"date":"2025-09-22T11:35:54","date_gmt":"2025-09-22T08:35:54","guid":{"rendered":"https:\/\/www.egemtv.com\/?p=56436"},"modified":"2025-09-22T11:35:55","modified_gmt":"2025-09-22T08:35:55","slug":"karsiyakanin-yukselisi-devam-ediyor","status":"publish","type":"post","link":"https:\/\/www.egemtv.com\/?p=56436","title":{"rendered":"Kar\u015f\u0131yaka\u2019n\u0131n y\u00fckseli\u015fi devam ediyor"},"content":{"rendered":"<p>Kar\u015f\u0131yaka, TFF 3. Lig 4. Grup\u2019ta \u015fu ana kadar oynad\u0131\u011f\u0131 3 ma\u00e7ta 3 galibiyet alarak \u00f6nemli bir galibiyet serisine imza att\u0131.<br \/>\n<br \/>Kar\u015f\u0131yaka, TFF 3. Lig 4. Grup 3. haftas\u0131nda Bal\u0131kesirspor\u2019la i\u00e7 sahada kar\u015f\u0131 kar\u015f\u0131ya geldi. \u0130zmir ekibi, rakibini Erhan \u00d6zt\u00fcrk ve Yasin Uzuno\u011flu\u2019nun golleriyle 2-1 ma\u011flup etmeyi ba\u015fard\u0131. Bu sonu\u00e7la birlikte ye\u015fil-k\u0131rm\u0131z\u0131l\u0131lar, ligin ilk 3 haftas\u0131nda 9 puan elde etti. \u015eu ana kadar rakip fileleri 6 kez havaland\u0131rmay\u0131 ba\u015faran Kar\u015f\u0131yaka, kalesinde ise toplam 3 gol g\u00f6rd\u00fc. B\u00f6ylece Kar\u015f\u0131yaka, 3 ma\u00e7l\u0131k galibiyet serisine imza atm\u0131\u015f oldu. Ligde liderlik koltu\u011funda 9 puanla U\u015fakspor otururken, \u0130zmir ekibi ise averaj\u0131ndan dolay\u0131 ikinci basamakta yer al\u0131yor.<\/p>\n<p>Erhan \u00d6zt\u00fcrk ve Yasin Uzuno\u011flu\u2019ndan ilk goller<br \/>\n<br \/>Kar\u015f\u0131yaka, yeni transferlerinden ald\u0131\u011f\u0131 katk\u0131larla y\u00fckseli\u015fini s\u00fcrd\u00fcr\u00fcyor. Yenilenmi\u015f kadrosuyla sezona g\u00fc\u00e7l\u00fc bir ba\u015flang\u0131\u00e7 yapan \u0130zmir temsilcisi, her ge\u00e7en hafta performans\u0131n\u0131 art\u0131r\u0131yor. \u015eu ana kadar oynad\u0131\u011f\u0131 \u00fc\u00e7 ma\u00e7ta da galibiyetle ayr\u0131lan ye\u015fil-k\u0131rm\u0131z\u0131l\u0131lar, ma\u00e7 ba\u015f\u0131na 2 gol ortalamas\u0131 yakalayarak dikkatleri \u00fczerine \u00e7ekti. Son olarak Bal\u0131kesirspor kar\u015f\u0131s\u0131nda sahneye \u00e7\u0131kan Erhan \u00d6zt\u00fcrk ve Yasin Uzuno\u011flu, galibiyette \u00f6nemli rol oynad\u0131. Her iki futbolcu da Kar\u015f\u0131yaka formas\u0131yla ilk gollerini atarak tak\u0131mlar\u0131na 3 puan\u0131 getiren isimler oldu.<\/p>\n<p>Hedef 4\u2019te 4 yapmak<br \/>\n<br \/>TFF 3. Lig 4. Grup\u2019ta zirve m\u00fccadelesi veren Kar\u015f\u0131yaka, gelecek hafta Alanya 1221\u2019ye konuk olacak. Teknik Direkt\u00f6r Burhanettin Basatem\u00fcr y\u00f6netimindeki ye\u015fil-k\u0131rm\u0131z\u0131l\u0131 ekip, bu kar\u015f\u0131la\u015fmay\u0131 da kazanarak ligde 4\u2019te 4 yapmay\u0131 hedefliyor. \u0130zmir ekibi, bu sezonki ilk d\u0131\u015f saha ma\u00e7\u0131nda Belediye K\u00fctahyapsor\u2019u ma\u011flup etmeyi ba\u015farm\u0131\u015ft\u0131.<br \/><\/p>\n","protected":false},"excerpt":{"rendered":"<p>Kar\u015f\u0131yaka, TFF 3. Lig 4. Grup\u2019ta \u015fu ana kadar oynad\u0131\u011f\u0131 3 ma\u00e7ta 3 galibiyet alarak \u00f6nemli bir galibiyet serisine imza att\u0131. Kar\u015f\u0131yaka, TFF 3. Lig 4. Grup 3. haftas\u0131nda Bal\u0131kesirspor\u2019la i\u00e7 sahada kar\u015f\u0131 kar\u015f\u0131ya geldi. \u0130zmir ekibi, rakibini Erhan \u00d6zt\u00fcrk ve Yasin Uzuno\u011flu\u2019nun golleriyle 2-1 ma\u011flup etmeyi ba\u015fard\u0131. Bu sonu\u00e7la birlikte ye\u015fil-k\u0131rm\u0131z\u0131l\u0131lar, ligin ilk 3&#8230;<\/p>\n","protected":false},"author":1,"featured_media":56437,"comment_status":"open","ping_status":"open","sticky":false,"template":"","format":"standard","meta":{"_crdt_document":"","footnotes":""},"categories":[4],"tags":[],"class_list":["post-56436","post","type-post","status-publish","format-standard","has-post-thumbnail","hentry","category-spor"],"_links":{"self":[{"href":"https:\/\/www.egemtv.com\/index.php?rest_route=\/wp\/v2\/posts\/56436","targetHints":{"allow":["GET"]}}],"collection":[{"href":"https:\/\/www.egemtv.com\/index.php?rest_route=\/wp\/v2\/posts"}],"about":[{"href":"https:\/\/www.egemtv.com\/index.php?rest_route=\/wp\/v2\/types\/post"}],"author":[{"embeddable":true,"href":"https:\/\/www.egemtv.com\/index.php?rest_route=\/wp\/v2\/users\/1"}],"replies":[{"embeddable":true,"href":"https:\/\/www.egemtv.com\/index.php?rest_route=%2Fwp%2Fv2%2Fcomments&post=56436"}],"version-history":[{"count":1,"href":"https:\/\/www.egemtv.com\/index.php?rest_route=\/wp\/v2\/posts\/56436\/revisions"}],"predecessor-version":[{"id":56438,"href":"https:\/\/www.egemtv.com\/index.php?rest_route=\/wp\/v2\/posts\/56436\/revisions\/56438"}],"wp:featuredmedia":[{"embeddable":true,"href":"https:\/\/www.egemtv.com\/index.php?rest_route=\/wp\/v2\/media\/56437"}],"wp:attachment":[{"href":"https:\/\/www.egemtv.com\/index.php?rest_route=%2Fwp%2Fv2%2Fmedia&parent=56436"}],"wp:term":[{"taxonomy":"category","embeddable":true,"href":"https:\/\/www.egemtv.com\/index.php?rest_route=%2Fwp%2Fv2%2Fcategories&post=56436"},{"taxonomy":"post_tag","embeddable":true,"href":"https:\/\/www.egemtv.com\/index.php?rest_route=%2Fwp%2Fv2%2Ftags&post=56436"}],"curies":[{"name":"wp","href":"https:\/\/api.w.org\/{rel}","templated":true}]}}