{"id":56433,"date":"2025-09-22T11:35:53","date_gmt":"2025-09-22T08:35:53","guid":{"rendered":"https:\/\/www.egemtv.com\/?p=56433"},"modified":"2025-09-22T11:35:54","modified_gmt":"2025-09-22T08:35:54","slug":"zimmetine-para-gecirdigi-iddia-edilen-banka-calisani-tutuklandi","status":"publish","type":"post","link":"https:\/\/www.egemtv.com\/?p=56433","title":{"rendered":"Zimmetine para ge\u00e7irdi\u011fi iddia edilen banka \u00e7al\u0131\u015fan\u0131 tutukland\u0131"},"content":{"rendered":"<p>Ayd\u0131n\u2019\u0131n Efeler il\u00e7esinde bir bankaya ba\u011fl\u0131 \u015firkette g\u00f6rev yapan ve zimmetine para ge\u00e7irdi\u011fi iddias\u0131 ile g\u00f6zalt\u0131na al\u0131nan \u015fah\u0131s sevk edildi\u011fi adli makamlarca tutuklanarak cezaevine g\u00f6nderildi.<\/p>\n<p>Edinilen bilgiye g\u00f6re, bir bankaya ba\u011fl\u0131 \u015firkette g\u00f6rev yapan H.B.\u2019yi takibe alan polis ekipleri \u015fahs\u0131n milyonlarca lira zimmetine ge\u00e7irdi\u011fi belirlendi. Harekete ge\u00e7en ekipler taraf\u0131ndan operasyon ile g\u00f6zalt\u0131na al\u0131nan H.B. emniyete g\u00f6t\u00fcr\u00fcld\u00fc. Emniyet sorgusunun adliyeye sevk edilen \u015fah\u0131s, \u00e7\u0131kart\u0131ld\u0131\u011f\u0131 adli makamlarca tutuklanarak cezaevine g\u00f6nderildi.<br \/><\/p>\n","protected":false},"excerpt":{"rendered":"<p>Ayd\u0131n\u2019\u0131n Efeler il\u00e7esinde bir bankaya ba\u011fl\u0131 \u015firkette g\u00f6rev yapan ve zimmetine para ge\u00e7irdi\u011fi iddias\u0131 ile g\u00f6zalt\u0131na al\u0131nan \u015fah\u0131s sevk edildi\u011fi adli makamlarca tutuklanarak cezaevine g\u00f6nderildi. Edinilen bilgiye g\u00f6re, bir bankaya ba\u011fl\u0131 \u015firkette g\u00f6rev yapan H.B.\u2019yi takibe alan polis ekipleri \u015fahs\u0131n milyonlarca lira zimmetine ge\u00e7irdi\u011fi belirlendi. Harekete ge\u00e7en ekipler taraf\u0131ndan operasyon ile g\u00f6zalt\u0131na al\u0131nan H.B. emniyete&#8230;<\/p>\n","protected":false},"author":1,"featured_media":56434,"comment_status":"open","ping_status":"open","sticky":false,"template":"","format":"standard","meta":{"_crdt_document":"","footnotes":""},"categories":[5],"tags":[],"class_list":["post-56433","post","type-post","status-publish","format-standard","has-post-thumbnail","hentry","category-asayis"],"_links":{"self":[{"href":"https:\/\/www.egemtv.com\/index.php?rest_route=\/wp\/v2\/posts\/56433","targetHints":{"allow":["GET"]}}],"collection":[{"href":"https:\/\/www.egemtv.com\/index.php?rest_route=\/wp\/v2\/posts"}],"about":[{"href":"https:\/\/www.egemtv.com\/index.php?rest_route=\/wp\/v2\/types\/post"}],"author":[{"embeddable":true,"href":"https:\/\/www.egemtv.com\/index.php?rest_route=\/wp\/v2\/users\/1"}],"replies":[{"embeddable":true,"href":"https:\/\/www.egemtv.com\/index.php?rest_route=%2Fwp%2Fv2%2Fcomments&post=56433"}],"version-history":[{"count":1,"href":"https:\/\/www.egemtv.com\/index.php?rest_route=\/wp\/v2\/posts\/56433\/revisions"}],"predecessor-version":[{"id":56435,"href":"https:\/\/www.egemtv.com\/index.php?rest_route=\/wp\/v2\/posts\/56433\/revisions\/56435"}],"wp:featuredmedia":[{"embeddable":true,"href":"https:\/\/www.egemtv.com\/index.php?rest_route=\/wp\/v2\/media\/56434"}],"wp:attachment":[{"href":"https:\/\/www.egemtv.com\/index.php?rest_route=%2Fwp%2Fv2%2Fmedia&parent=56433"}],"wp:term":[{"taxonomy":"category","embeddable":true,"href":"https:\/\/www.egemtv.com\/index.php?rest_route=%2Fwp%2Fv2%2Fcategories&post=56433"},{"taxonomy":"post_tag","embeddable":true,"href":"https:\/\/www.egemtv.com\/index.php?rest_route=%2Fwp%2Fv2%2Ftags&post=56433"}],"curies":[{"name":"wp","href":"https:\/\/api.w.org\/{rel}","templated":true}]}}