{"id":56430,"date":"2025-09-22T11:35:52","date_gmt":"2025-09-22T08:35:52","guid":{"rendered":"https:\/\/www.egemtv.com\/?p=56430"},"modified":"2025-09-22T11:35:53","modified_gmt":"2025-09-22T08:35:53","slug":"emet-yagcik-koyunde-yoresel-ve-organik-pekmez-uretim-evinde-inceleme","status":"publish","type":"post","link":"https:\/\/www.egemtv.com\/?p=56430","title":{"rendered":"Emet Ya\u011fc\u0131k k\u00f6y\u00fcnde y\u00f6resel ve organik pekmez \u00fcretim evinde inceleme"},"content":{"rendered":"<p>Emet \u0130l\u00e7e Tar\u0131m ve Orman M\u00fcd\u00fcrl\u00fc\u011f\u00fc teknik personelleri taraf\u0131ndan, &#8220;Ya\u011fc\u0131k K\u00f6y\u00fc Pekmez Evi ve Ba\u011fc\u0131l\u0131k&#8221; projesi kapsam\u0131nda Ya\u011fc\u0131k K\u00f6y\u00fc Pekmez Evi\u2019ne ziyaret ger\u00e7ekle\u015ftirildi.<br \/>\n<br \/>Ya\u011fc\u0131k K\u00f6y\u00fc\u2019nde geleneksel y\u00f6ntemlerle \u00fcretim yapan y\u00f6resel ve organik pekmez \u00fcretim evini ziyaret eden Emet \u0130l\u00e7e Tar\u0131m ve Orman M\u00fcd\u00fcrl\u00fc\u011f\u00fc ekiplerince pekmez \u00fcretim s\u00fcreci yerinde incelendi. \u00dcreticilerle bilgi al\u0131\u015fveri\u015finde bulunuldu. Hijyen, kalite ve s\u00fcrd\u00fcr\u00fclebilir \u00fcretim konular\u0131nda bilgilendirme yap\u0131ld\u0131. Ayr\u0131ca yap\u0131lacak olan Pekmez Evi ve Ba\u011fc\u0131l\u0131\u011f\u0131 Geli\u015ftirme projesinin s\u00fcre\u00e7leri anlat\u0131ld\u0131.<br \/>\n<br \/>\u0130l\u00e7e Tar\u0131m M\u00fcd\u00fcrl\u00fc\u011f\u00fc yetkilileri, hedeflerinin yerel \u00fcretimi desteklemek, sa\u011fl\u0131kl\u0131 ve do\u011fal \u00fcr\u00fcnlerin gelecek nesillere aktar\u0131lmas\u0131n\u0131 sa\u011flamak oldu\u011funu ifade ettiler.<br \/><\/p>\n","protected":false},"excerpt":{"rendered":"<p>Emet \u0130l\u00e7e Tar\u0131m ve Orman M\u00fcd\u00fcrl\u00fc\u011f\u00fc teknik personelleri taraf\u0131ndan, &#8220;Ya\u011fc\u0131k K\u00f6y\u00fc Pekmez Evi ve Ba\u011fc\u0131l\u0131k&#8221; projesi kapsam\u0131nda Ya\u011fc\u0131k K\u00f6y\u00fc Pekmez Evi\u2019ne ziyaret ger\u00e7ekle\u015ftirildi. Ya\u011fc\u0131k K\u00f6y\u00fc\u2019nde geleneksel y\u00f6ntemlerle \u00fcretim yapan y\u00f6resel ve organik pekmez \u00fcretim evini ziyaret eden Emet \u0130l\u00e7e Tar\u0131m ve Orman M\u00fcd\u00fcrl\u00fc\u011f\u00fc ekiplerince pekmez \u00fcretim s\u00fcreci yerinde incelendi. \u00dcreticilerle bilgi al\u0131\u015fveri\u015finde bulunuldu. Hijyen, kalite&#8230;<\/p>\n","protected":false},"author":1,"featured_media":56431,"comment_status":"open","ping_status":"open","sticky":false,"template":"","format":"standard","meta":{"_crdt_document":"","footnotes":""},"categories":[125],"tags":[],"class_list":["post-56430","post","type-post","status-publish","format-standard","has-post-thumbnail","hentry","category-ekonomi"],"_links":{"self":[{"href":"https:\/\/www.egemtv.com\/index.php?rest_route=\/wp\/v2\/posts\/56430","targetHints":{"allow":["GET"]}}],"collection":[{"href":"https:\/\/www.egemtv.com\/index.php?rest_route=\/wp\/v2\/posts"}],"about":[{"href":"https:\/\/www.egemtv.com\/index.php?rest_route=\/wp\/v2\/types\/post"}],"author":[{"embeddable":true,"href":"https:\/\/www.egemtv.com\/index.php?rest_route=\/wp\/v2\/users\/1"}],"replies":[{"embeddable":true,"href":"https:\/\/www.egemtv.com\/index.php?rest_route=%2Fwp%2Fv2%2Fcomments&post=56430"}],"version-history":[{"count":1,"href":"https:\/\/www.egemtv.com\/index.php?rest_route=\/wp\/v2\/posts\/56430\/revisions"}],"predecessor-version":[{"id":56432,"href":"https:\/\/www.egemtv.com\/index.php?rest_route=\/wp\/v2\/posts\/56430\/revisions\/56432"}],"wp:featuredmedia":[{"embeddable":true,"href":"https:\/\/www.egemtv.com\/index.php?rest_route=\/wp\/v2\/media\/56431"}],"wp:attachment":[{"href":"https:\/\/www.egemtv.com\/index.php?rest_route=%2Fwp%2Fv2%2Fmedia&parent=56430"}],"wp:term":[{"taxonomy":"category","embeddable":true,"href":"https:\/\/www.egemtv.com\/index.php?rest_route=%2Fwp%2Fv2%2Fcategories&post=56430"},{"taxonomy":"post_tag","embeddable":true,"href":"https:\/\/www.egemtv.com\/index.php?rest_route=%2Fwp%2Fv2%2Ftags&post=56430"}],"curies":[{"name":"wp","href":"https:\/\/api.w.org\/{rel}","templated":true}]}}