{"id":56427,"date":"2025-09-22T11:35:51","date_gmt":"2025-09-22T08:35:51","guid":{"rendered":"https:\/\/www.egemtv.com\/?p=56427"},"modified":"2025-09-22T11:35:52","modified_gmt":"2025-09-22T08:35:52","slug":"genc-kaleci-burak-can-kalesinde-devlesti-linyitspora-bir-puani-getirdi","status":"publish","type":"post","link":"https:\/\/www.egemtv.com\/?p=56427","title":{"rendered":"Gen\u00e7 Kaleci Burak Can kalesinde devle\u015fti, Linyitspor\u2019a bir puan\u0131 getirdi"},"content":{"rendered":"<p>TK\u0130 Tav\u015fanl\u0131 Linyitspor\u2019un Geli\u015fim Ligi U17 tak\u0131m\u0131n\u0131n 16 ya\u015f\u0131ndaki gen\u00e7 kalecisi Burak Can Kaymak, sergiledi\u011fi performansla adeta g\u00f6z dolduruyor. Gen\u00e7 file bek\u00e7isi, hafta sonu  oynanan kritik ma\u00e7ta yapt\u0131\u011f\u0131 kurtar\u0131\u015flarla tak\u0131m\u0131na bir puan kazand\u0131ran isim oldu.<br \/>\n<br \/>Tav\u015fanl\u0131 Karakova Stad\u0131\u2019nda oynanan Akademi U 17\u2019de TK\u0130 Tav\u015fanl\u0131 Linyitspor &#8211; Eski\u015fehir \u0130dman G\u00fcc\u00fc spor m\u00fcsabakas\u0131, 0-0\u2019l\u0131k beraberlikle sonu\u00e7land\u0131. Ma\u00e7 boyunca rakip tak\u0131m\u0131n ataklar\u0131na ge\u00e7it vermeyen ve kalesinde devle\u015fen 12 numaral\u0131 formas\u0131yla Burak Can Kaymak, ma\u00e7\u0131n y\u0131ld\u0131z\u0131 olarak \u00f6ne \u00e7\u0131kt\u0131. Yapt\u0131\u011f\u0131 ba\u015far\u0131l\u0131 kurtar\u0131\u015flarla tak\u0131m\u0131n\u0131n sahadan bir puanla ayr\u0131lmas\u0131n\u0131 sa\u011flayan Kaymak, izleyicilerden tam not ald\u0131.<br \/>\n<br \/>2025-2026 futbol sezonu ba\u015f\u0131nda Ak\u0131nc\u0131larspor\u2019dan TK\u0130 Tav\u015fanl\u0131 Linyitspor Akademi Ligi\u2019ne transfer olan gen\u00e7 yetenek, g\u00f6sterdi\u011fi performansla gelece\u011fe y\u00f6nelik b\u00fcy\u00fck umut vaat ediyor.<br \/><\/p>\n","protected":false},"excerpt":{"rendered":"<p>TK\u0130 Tav\u015fanl\u0131 Linyitspor\u2019un Geli\u015fim Ligi U17 tak\u0131m\u0131n\u0131n 16 ya\u015f\u0131ndaki gen\u00e7 kalecisi Burak Can Kaymak, sergiledi\u011fi performansla adeta g\u00f6z dolduruyor. Gen\u00e7 file bek\u00e7isi, hafta sonu oynanan kritik ma\u00e7ta yapt\u0131\u011f\u0131 kurtar\u0131\u015flarla tak\u0131m\u0131na bir puan kazand\u0131ran isim oldu. Tav\u015fanl\u0131 Karakova Stad\u0131\u2019nda oynanan Akademi U 17\u2019de TK\u0130 Tav\u015fanl\u0131 Linyitspor &#8211; Eski\u015fehir \u0130dman G\u00fcc\u00fc spor m\u00fcsabakas\u0131, 0-0\u2019l\u0131k beraberlikle sonu\u00e7land\u0131. Ma\u00e7&#8230;<\/p>\n","protected":false},"author":1,"featured_media":56428,"comment_status":"open","ping_status":"open","sticky":false,"template":"","format":"standard","meta":{"_crdt_document":"","footnotes":""},"categories":[4],"tags":[],"class_list":["post-56427","post","type-post","status-publish","format-standard","has-post-thumbnail","hentry","category-spor"],"_links":{"self":[{"href":"https:\/\/www.egemtv.com\/index.php?rest_route=\/wp\/v2\/posts\/56427","targetHints":{"allow":["GET"]}}],"collection":[{"href":"https:\/\/www.egemtv.com\/index.php?rest_route=\/wp\/v2\/posts"}],"about":[{"href":"https:\/\/www.egemtv.com\/index.php?rest_route=\/wp\/v2\/types\/post"}],"author":[{"embeddable":true,"href":"https:\/\/www.egemtv.com\/index.php?rest_route=\/wp\/v2\/users\/1"}],"replies":[{"embeddable":true,"href":"https:\/\/www.egemtv.com\/index.php?rest_route=%2Fwp%2Fv2%2Fcomments&post=56427"}],"version-history":[{"count":1,"href":"https:\/\/www.egemtv.com\/index.php?rest_route=\/wp\/v2\/posts\/56427\/revisions"}],"predecessor-version":[{"id":56429,"href":"https:\/\/www.egemtv.com\/index.php?rest_route=\/wp\/v2\/posts\/56427\/revisions\/56429"}],"wp:featuredmedia":[{"embeddable":true,"href":"https:\/\/www.egemtv.com\/index.php?rest_route=\/wp\/v2\/media\/56428"}],"wp:attachment":[{"href":"https:\/\/www.egemtv.com\/index.php?rest_route=%2Fwp%2Fv2%2Fmedia&parent=56427"}],"wp:term":[{"taxonomy":"category","embeddable":true,"href":"https:\/\/www.egemtv.com\/index.php?rest_route=%2Fwp%2Fv2%2Fcategories&post=56427"},{"taxonomy":"post_tag","embeddable":true,"href":"https:\/\/www.egemtv.com\/index.php?rest_route=%2Fwp%2Fv2%2Ftags&post=56427"}],"curies":[{"name":"wp","href":"https:\/\/api.w.org\/{rel}","templated":true}]}}