{"id":56424,"date":"2025-09-22T11:15:03","date_gmt":"2025-09-22T08:15:03","guid":{"rendered":"https:\/\/www.egemtv.com\/?p=56424"},"modified":"2025-09-22T11:15:04","modified_gmt":"2025-09-22T08:15:04","slug":"dumlupinarda-bursiyerler-geleneksel-piknik-soleninde-bulustu","status":"publish","type":"post","link":"https:\/\/www.egemtv.com\/?p=56424","title":{"rendered":"Dumlup\u0131nar\u2019da bursiyerler geleneksel piknik \u015f\u00f6leninde bulu\u015ftu"},"content":{"rendered":"<p>K\u00fctahya\u2019n\u0131n Dumlup\u0131nar il\u00e7esinde, Valide Sultan Keth\u00fcdas\u0131 Yusuf A\u011fa ve Abdullah Pa\u015fa Bin Hasan Pa\u015fa Vakf\u0131 taraf\u0131ndan d\u00fczenlenen Geleneksel Piknik \u015e\u00f6leni kapsam\u0131nda bursiyerler bir araya geldi.<br \/>\n<br \/>Bu y\u0131l ikincisi ger\u00e7ekle\u015ftirilen etkinlik, K\u00fclt\u00fcr ve Turizm Bakanl\u0131\u011f\u0131 ile Vak\u0131flar B\u00f6lge M\u00fcd\u00fcrl\u00fc\u011f\u00fc koordinesinde hayata ge\u00e7irildi. K\u00fctahya, Afyonkarahisar, Eski\u015fehir ve U\u015fak illerinden \u00e7ok say\u0131da bursiyerin kat\u0131ld\u0131\u011f\u0131 bulu\u015fma renkli g\u00f6r\u00fcnt\u00fclere sahne oldu.<br \/>\n<br \/>Program, Vali Vekili Harun Kazez ve il protokol\u00fcn\u00fcn kat\u0131l\u0131m\u0131yla ba\u015flad\u0131. Piknik organizasyonunun ard\u0131ndan kat\u0131l\u0131mc\u0131lar s\u0131ras\u0131yla Zafertepe \u00c7alk\u00f6y Zafer An\u0131t\u0131, Dumlup\u0131nar \u015eehitli\u011fi ve Diorama M\u00fczesini ziyaret etti.<br \/>\n<br \/>Ziyaretlerde konu\u015fan Vali Vekili Harun Kazez, \u015fehitliklerin milli m\u00fccadele a\u00e7\u0131s\u0131ndan ta\u015f\u0131d\u0131\u011f\u0131 \u00f6neme vurgu yaparak,<br \/>\n<br \/>&#8220;Bayraklar\u0131 bayrak yapan \u00fcst\u00fcndeki kand\u0131r; vatan u\u011frunda \u00f6len varsa vatand\u0131r&#8221; ifadelerini kulland\u0131.<br \/>\n<br \/>Kat\u0131l\u0131mc\u0131lar\u0131n yo\u011fun ilgi g\u00f6sterdi\u011fi etkinlik, co\u015fkulu ve anlaml\u0131 bir atmosferde sona erdi.<br \/><\/p>\n","protected":false},"excerpt":{"rendered":"<p>K\u00fctahya\u2019n\u0131n Dumlup\u0131nar il\u00e7esinde, Valide Sultan Keth\u00fcdas\u0131 Yusuf A\u011fa ve Abdullah Pa\u015fa Bin Hasan Pa\u015fa Vakf\u0131 taraf\u0131ndan d\u00fczenlenen Geleneksel Piknik \u015e\u00f6leni kapsam\u0131nda bursiyerler bir araya geldi. Bu y\u0131l ikincisi ger\u00e7ekle\u015ftirilen etkinlik, K\u00fclt\u00fcr ve Turizm Bakanl\u0131\u011f\u0131 ile Vak\u0131flar B\u00f6lge M\u00fcd\u00fcrl\u00fc\u011f\u00fc koordinesinde hayata ge\u00e7irildi. K\u00fctahya, Afyonkarahisar, Eski\u015fehir ve U\u015fak illerinden \u00e7ok say\u0131da bursiyerin kat\u0131ld\u0131\u011f\u0131 bulu\u015fma renkli g\u00f6r\u00fcnt\u00fclere sahne&#8230;<\/p>\n","protected":false},"author":1,"featured_media":56425,"comment_status":"open","ping_status":"open","sticky":false,"template":"","format":"standard","meta":{"_crdt_document":"","footnotes":""},"categories":[123],"tags":[],"class_list":["post-56424","post","type-post","status-publish","format-standard","has-post-thumbnail","hentry","category-gundem"],"_links":{"self":[{"href":"https:\/\/www.egemtv.com\/index.php?rest_route=\/wp\/v2\/posts\/56424","targetHints":{"allow":["GET"]}}],"collection":[{"href":"https:\/\/www.egemtv.com\/index.php?rest_route=\/wp\/v2\/posts"}],"about":[{"href":"https:\/\/www.egemtv.com\/index.php?rest_route=\/wp\/v2\/types\/post"}],"author":[{"embeddable":true,"href":"https:\/\/www.egemtv.com\/index.php?rest_route=\/wp\/v2\/users\/1"}],"replies":[{"embeddable":true,"href":"https:\/\/www.egemtv.com\/index.php?rest_route=%2Fwp%2Fv2%2Fcomments&post=56424"}],"version-history":[{"count":1,"href":"https:\/\/www.egemtv.com\/index.php?rest_route=\/wp\/v2\/posts\/56424\/revisions"}],"predecessor-version":[{"id":56426,"href":"https:\/\/www.egemtv.com\/index.php?rest_route=\/wp\/v2\/posts\/56424\/revisions\/56426"}],"wp:featuredmedia":[{"embeddable":true,"href":"https:\/\/www.egemtv.com\/index.php?rest_route=\/wp\/v2\/media\/56425"}],"wp:attachment":[{"href":"https:\/\/www.egemtv.com\/index.php?rest_route=%2Fwp%2Fv2%2Fmedia&parent=56424"}],"wp:term":[{"taxonomy":"category","embeddable":true,"href":"https:\/\/www.egemtv.com\/index.php?rest_route=%2Fwp%2Fv2%2Fcategories&post=56424"},{"taxonomy":"post_tag","embeddable":true,"href":"https:\/\/www.egemtv.com\/index.php?rest_route=%2Fwp%2Fv2%2Ftags&post=56424"}],"curies":[{"name":"wp","href":"https:\/\/api.w.org\/{rel}","templated":true}]}}