{"id":56421,"date":"2025-09-22T11:15:02","date_gmt":"2025-09-22T08:15:02","guid":{"rendered":"https:\/\/www.egemtv.com\/?p=56421"},"modified":"2025-09-22T11:15:03","modified_gmt":"2025-09-22T08:15:03","slug":"dpude-sifir-atik-kutulari-teslim-toreni-duzenlendi","status":"publish","type":"post","link":"https:\/\/www.egemtv.com\/?p=56421","title":{"rendered":"DP\u00dc\u2019de s\u0131f\u0131r at\u0131k kutular\u0131 teslim t\u00f6reni d\u00fczenlendi"},"content":{"rendered":"<p>K\u00fctahya Dumlup\u0131nar \u00dcniversitesi\u2019nde (DP\u00dc), \u00c7evre, \u015eehircilik ve \u0130klim De\u011fi\u015fikli\u011fi Bakanl\u0131\u011f\u0131n\u0131n hibesiyle temin edilen d\u0131\u015f mekan at\u0131k kutular\u0131 i\u00e7in teslim t\u00f6reni ger\u00e7ekle\u015ftirildi.<br \/>\n<br \/>DP\u00dc \u00c7evre Sorunlar\u0131n\u0131 Ara\u015ft\u0131rma ve Uygulama Merkezi (\u00c7ESAUM) taraf\u0131ndan organize edilen t\u00f6rene; Rekt\u00f6r Prof. Dr. S\u00fcleyman K\u0131z\u0131ltoprak, Rekt\u00f6r Yard\u0131mc\u0131s\u0131 Prof. Dr. Ayhan Kahraman, Lisans\u00fcst\u00fc E\u011fitim Enstit\u00fcs\u00fc M\u00fcd\u00fcr\u00fc Do\u00e7. Dr. Eray Acar, Genel Sekreter Yusuf \u00c7etin, \u00c7ESAUM M\u00fcd\u00fcr\u00fc Prof. Dr. H\u00fcseyin \u00d6nder ve akademisyenler kat\u0131ld\u0131.<br \/>\n<br \/>T\u00f6rende, 100\u2019\u00fcn \u00fczerinde d\u0131\u015f mekan at\u0131k kutusunun \u00fcniversiteye teslim edildi\u011fi bildirildi. Programda konu\u015fan Rekt\u00f6r Prof. Dr. S\u00fcleyman K\u0131z\u0131ltoprak, S\u0131f\u0131r At\u0131k Projesi\u2019nin 2017 y\u0131l\u0131nda ba\u015flat\u0131ld\u0131\u011f\u0131n\u0131 ve 2019\u2019da 11. Kalk\u0131nma Plan\u0131 ile \u00fclke politikas\u0131 haline geldi\u011fini hat\u0131rlatt\u0131. T\u00fcrkiye\u2019nin bu s\u00fcre\u00e7te hem yasal d\u00fczenlemeler hem de uluslararas\u0131 platformlardaki etkinli\u011fiyle \u00f6rnek g\u00f6sterilen bir \u00fclke konumuna geldi\u011fini vurgulad\u0131.<br \/>\n<br \/>Prof. Dr. K\u0131z\u0131ltoprak, projeye \u00f6nc\u00fcl\u00fck eden BM S\u0131f\u0131r At\u0131k Dan\u0131\u015fma Kurulu \u00dcyesi ve Cumhurba\u015fkan\u0131 Recep Tayyip Erdo\u011fan\u2019\u0131n e\u015fi Emine Erdo\u011fan\u2019a, \u00c7evre, \u015eehircilik ve \u0130klim De\u011fi\u015fikli\u011fi Bakanl\u0131\u011f\u0131na ve DP\u00dc \u00c7ESAUM\u2019a te\u015fekk\u00fcr etti.<br \/>\n<br \/>T\u00f6renin ard\u0131ndan kutular, \u00fcniversite yerle\u015fkelerinde belirlenen alanlara yerle\u015ftirilmek \u00fczere teslim al\u0131nd\u0131.<br \/><\/p>\n","protected":false},"excerpt":{"rendered":"<p>K\u00fctahya Dumlup\u0131nar \u00dcniversitesi\u2019nde (DP\u00dc), \u00c7evre, \u015eehircilik ve \u0130klim De\u011fi\u015fikli\u011fi Bakanl\u0131\u011f\u0131n\u0131n hibesiyle temin edilen d\u0131\u015f mekan at\u0131k kutular\u0131 i\u00e7in teslim t\u00f6reni ger\u00e7ekle\u015ftirildi. DP\u00dc \u00c7evre Sorunlar\u0131n\u0131 Ara\u015ft\u0131rma ve Uygulama Merkezi (\u00c7ESAUM) taraf\u0131ndan organize edilen t\u00f6rene; Rekt\u00f6r Prof. Dr. S\u00fcleyman K\u0131z\u0131ltoprak, Rekt\u00f6r Yard\u0131mc\u0131s\u0131 Prof. Dr. Ayhan Kahraman, Lisans\u00fcst\u00fc E\u011fitim Enstit\u00fcs\u00fc M\u00fcd\u00fcr\u00fc Do\u00e7. Dr. Eray Acar, Genel Sekreter Yusuf&#8230;<\/p>\n","protected":false},"author":1,"featured_media":56422,"comment_status":"open","ping_status":"open","sticky":false,"template":"","format":"standard","meta":{"_crdt_document":"","footnotes":""},"categories":[1],"tags":[],"class_list":["post-56421","post","type-post","status-publish","format-standard","has-post-thumbnail","hentry","category-guncel"],"_links":{"self":[{"href":"https:\/\/www.egemtv.com\/index.php?rest_route=\/wp\/v2\/posts\/56421","targetHints":{"allow":["GET"]}}],"collection":[{"href":"https:\/\/www.egemtv.com\/index.php?rest_route=\/wp\/v2\/posts"}],"about":[{"href":"https:\/\/www.egemtv.com\/index.php?rest_route=\/wp\/v2\/types\/post"}],"author":[{"embeddable":true,"href":"https:\/\/www.egemtv.com\/index.php?rest_route=\/wp\/v2\/users\/1"}],"replies":[{"embeddable":true,"href":"https:\/\/www.egemtv.com\/index.php?rest_route=%2Fwp%2Fv2%2Fcomments&post=56421"}],"version-history":[{"count":1,"href":"https:\/\/www.egemtv.com\/index.php?rest_route=\/wp\/v2\/posts\/56421\/revisions"}],"predecessor-version":[{"id":56423,"href":"https:\/\/www.egemtv.com\/index.php?rest_route=\/wp\/v2\/posts\/56421\/revisions\/56423"}],"wp:featuredmedia":[{"embeddable":true,"href":"https:\/\/www.egemtv.com\/index.php?rest_route=\/wp\/v2\/media\/56422"}],"wp:attachment":[{"href":"https:\/\/www.egemtv.com\/index.php?rest_route=%2Fwp%2Fv2%2Fmedia&parent=56421"}],"wp:term":[{"taxonomy":"category","embeddable":true,"href":"https:\/\/www.egemtv.com\/index.php?rest_route=%2Fwp%2Fv2%2Fcategories&post=56421"},{"taxonomy":"post_tag","embeddable":true,"href":"https:\/\/www.egemtv.com\/index.php?rest_route=%2Fwp%2Fv2%2Ftags&post=56421"}],"curies":[{"name":"wp","href":"https:\/\/api.w.org\/{rel}","templated":true}]}}