{"id":56418,"date":"2025-09-22T11:15:01","date_gmt":"2025-09-22T08:15:01","guid":{"rendered":"https:\/\/www.egemtv.com\/?p=56418"},"modified":"2025-09-22T11:15:02","modified_gmt":"2025-09-22T08:15:02","slug":"kutahyada-ebe-ana-sultan-dualarla-anildi","status":"publish","type":"post","link":"https:\/\/www.egemtv.com\/?p=56418","title":{"rendered":"K\u00fctahya\u2019da Ebe Ana Sultan dualarla an\u0131ld\u0131"},"content":{"rendered":"<p>K\u00fctahya\u2019n\u0131n Domani\u00e7 il\u00e7esinde Hayme Ana ve Ertu\u011frul Gazi d\u00f6neminde Domani\u00e7\u2019te ya\u015fam\u0131\u015f ve Osmanl\u0131\u2019n\u0131n kurulu\u015f d\u00f6neminin \u00f6nemli tarihi \u015fahsiyetlerden olan Ebe Ana Sultan i\u00e7in anma t\u00f6reni d\u00fczenlendi.<br \/>\n<br \/>Domani\u00e7 Saruhanlar k\u00f6y\u00fcndeki Ebe Ana Sultan T\u00fcrbesinde ger\u00e7ekle\u015ftirilen anma t\u00f6renine, K\u00fctahya Vali Vekili Harun Kazez, il protokol\u00fc ve vatanda\u015flar kat\u0131ld\u0131. T\u00fcrbe \u00e7evresinde vatanda\u015flarla sohbet eden Vali Vekili Harun Kazez, k\u00f6yl\u00fclerden bilgi ald\u0131. Ebe Ana Sultan\u2019\u0131 anma t\u00f6reni, yap\u0131lan dua ve ikramlar\u0131n ard\u0131ndan sona erdi.<br \/><\/p>\n","protected":false},"excerpt":{"rendered":"<p>K\u00fctahya\u2019n\u0131n Domani\u00e7 il\u00e7esinde Hayme Ana ve Ertu\u011frul Gazi d\u00f6neminde Domani\u00e7\u2019te ya\u015fam\u0131\u015f ve Osmanl\u0131\u2019n\u0131n kurulu\u015f d\u00f6neminin \u00f6nemli tarihi \u015fahsiyetlerden olan Ebe Ana Sultan i\u00e7in anma t\u00f6reni d\u00fczenlendi. Domani\u00e7 Saruhanlar k\u00f6y\u00fcndeki Ebe Ana Sultan T\u00fcrbesinde ger\u00e7ekle\u015ftirilen anma t\u00f6renine, K\u00fctahya Vali Vekili Harun Kazez, il protokol\u00fc ve vatanda\u015flar kat\u0131ld\u0131. T\u00fcrbe \u00e7evresinde vatanda\u015flarla sohbet eden Vali Vekili Harun Kazez,&#8230;<\/p>\n","protected":false},"author":1,"featured_media":56419,"comment_status":"open","ping_status":"open","sticky":false,"template":"","format":"standard","meta":{"_crdt_document":"","footnotes":""},"categories":[123],"tags":[],"class_list":["post-56418","post","type-post","status-publish","format-standard","has-post-thumbnail","hentry","category-gundem"],"_links":{"self":[{"href":"https:\/\/www.egemtv.com\/index.php?rest_route=\/wp\/v2\/posts\/56418","targetHints":{"allow":["GET"]}}],"collection":[{"href":"https:\/\/www.egemtv.com\/index.php?rest_route=\/wp\/v2\/posts"}],"about":[{"href":"https:\/\/www.egemtv.com\/index.php?rest_route=\/wp\/v2\/types\/post"}],"author":[{"embeddable":true,"href":"https:\/\/www.egemtv.com\/index.php?rest_route=\/wp\/v2\/users\/1"}],"replies":[{"embeddable":true,"href":"https:\/\/www.egemtv.com\/index.php?rest_route=%2Fwp%2Fv2%2Fcomments&post=56418"}],"version-history":[{"count":1,"href":"https:\/\/www.egemtv.com\/index.php?rest_route=\/wp\/v2\/posts\/56418\/revisions"}],"predecessor-version":[{"id":56420,"href":"https:\/\/www.egemtv.com\/index.php?rest_route=\/wp\/v2\/posts\/56418\/revisions\/56420"}],"wp:featuredmedia":[{"embeddable":true,"href":"https:\/\/www.egemtv.com\/index.php?rest_route=\/wp\/v2\/media\/56419"}],"wp:attachment":[{"href":"https:\/\/www.egemtv.com\/index.php?rest_route=%2Fwp%2Fv2%2Fmedia&parent=56418"}],"wp:term":[{"taxonomy":"category","embeddable":true,"href":"https:\/\/www.egemtv.com\/index.php?rest_route=%2Fwp%2Fv2%2Fcategories&post=56418"},{"taxonomy":"post_tag","embeddable":true,"href":"https:\/\/www.egemtv.com\/index.php?rest_route=%2Fwp%2Fv2%2Ftags&post=56418"}],"curies":[{"name":"wp","href":"https:\/\/api.w.org\/{rel}","templated":true}]}}