{"id":56415,"date":"2025-09-22T11:15:00","date_gmt":"2025-09-22T08:15:00","guid":{"rendered":"https:\/\/www.egemtv.com\/?p=56415"},"modified":"2025-09-22T11:15:01","modified_gmt":"2025-09-22T08:15:01","slug":"kutahyada-saglikli-yasam-farkindaligi-icin-festival-duzenlendi","status":"publish","type":"post","link":"https:\/\/www.egemtv.com\/?p=56415","title":{"rendered":"K\u00fctahya\u2019da sa\u011fl\u0131kl\u0131 ya\u015fam fark\u0131ndal\u0131\u011f\u0131 i\u00e7in festival d\u00fczenlendi"},"content":{"rendered":"<p>K\u00fctahya\u2019da, Ayaz Ata Sa\u011fl\u0131k Yard\u0131mla\u015fma ve Dayan\u0131\u015fma Derne\u011fi \u00f6nc\u00fcl\u00fc\u011f\u00fcnde &#8220;Minik Ad\u0131mlar Sa\u011fl\u0131kl\u0131 Yar\u0131nlar&#8221; anlay\u0131\u015f\u0131yla M\u0130NSAFEST Festivali ger\u00e7ekle\u015ftirildi.<br \/>\n<br \/>\u00c7ocuklar\u0131n gelece\u011fe g\u00fcvenle ad\u0131m atmalar\u0131n\u0131, gen\u00e7lerin bilin\u00e7le yeti\u015fmelerini ve yeti\u015fkinlerin sa\u011fl\u0131kl\u0131 bir ya\u015fam s\u00fcrmelerini desteklemek amac\u0131yla d\u00fczenlenen festivale yo\u011fun kat\u0131l\u0131m sa\u011fland\u0131.<br \/>\n<br \/>Gen\u00e7lik ve Spor \u0130l M\u00fcd\u00fcr\u00fc B\u00fclent K\u00fc\u00e7\u00fck de etkinli\u011fe kat\u0131larak, bu organizasyonda eme\u011fi ge\u00e7en sivil toplum kurulu\u015flar\u0131na ve g\u00f6n\u00fcll\u00fclere te\u015fekk\u00fcr etti.<br \/><\/p>\n","protected":false},"excerpt":{"rendered":"<p>K\u00fctahya\u2019da, Ayaz Ata Sa\u011fl\u0131k Yard\u0131mla\u015fma ve Dayan\u0131\u015fma Derne\u011fi \u00f6nc\u00fcl\u00fc\u011f\u00fcnde &#8220;Minik Ad\u0131mlar Sa\u011fl\u0131kl\u0131 Yar\u0131nlar&#8221; anlay\u0131\u015f\u0131yla M\u0130NSAFEST Festivali ger\u00e7ekle\u015ftirildi. \u00c7ocuklar\u0131n gelece\u011fe g\u00fcvenle ad\u0131m atmalar\u0131n\u0131, gen\u00e7lerin bilin\u00e7le yeti\u015fmelerini ve yeti\u015fkinlerin sa\u011fl\u0131kl\u0131 bir ya\u015fam s\u00fcrmelerini desteklemek amac\u0131yla d\u00fczenlenen festivale yo\u011fun kat\u0131l\u0131m sa\u011fland\u0131. Gen\u00e7lik ve Spor \u0130l M\u00fcd\u00fcr\u00fc B\u00fclent K\u00fc\u00e7\u00fck de etkinli\u011fe kat\u0131larak, bu organizasyonda eme\u011fi ge\u00e7en sivil toplum kurulu\u015flar\u0131na&#8230;<\/p>\n","protected":false},"author":1,"featured_media":56416,"comment_status":"open","ping_status":"open","sticky":false,"template":"","format":"standard","meta":{"_crdt_document":"","footnotes":""},"categories":[2],"tags":[],"class_list":["post-56415","post","type-post","status-publish","format-standard","has-post-thumbnail","hentry","category-saglik"],"_links":{"self":[{"href":"https:\/\/www.egemtv.com\/index.php?rest_route=\/wp\/v2\/posts\/56415","targetHints":{"allow":["GET"]}}],"collection":[{"href":"https:\/\/www.egemtv.com\/index.php?rest_route=\/wp\/v2\/posts"}],"about":[{"href":"https:\/\/www.egemtv.com\/index.php?rest_route=\/wp\/v2\/types\/post"}],"author":[{"embeddable":true,"href":"https:\/\/www.egemtv.com\/index.php?rest_route=\/wp\/v2\/users\/1"}],"replies":[{"embeddable":true,"href":"https:\/\/www.egemtv.com\/index.php?rest_route=%2Fwp%2Fv2%2Fcomments&post=56415"}],"version-history":[{"count":1,"href":"https:\/\/www.egemtv.com\/index.php?rest_route=\/wp\/v2\/posts\/56415\/revisions"}],"predecessor-version":[{"id":56417,"href":"https:\/\/www.egemtv.com\/index.php?rest_route=\/wp\/v2\/posts\/56415\/revisions\/56417"}],"wp:featuredmedia":[{"embeddable":true,"href":"https:\/\/www.egemtv.com\/index.php?rest_route=\/wp\/v2\/media\/56416"}],"wp:attachment":[{"href":"https:\/\/www.egemtv.com\/index.php?rest_route=%2Fwp%2Fv2%2Fmedia&parent=56415"}],"wp:term":[{"taxonomy":"category","embeddable":true,"href":"https:\/\/www.egemtv.com\/index.php?rest_route=%2Fwp%2Fv2%2Fcategories&post=56415"},{"taxonomy":"post_tag","embeddable":true,"href":"https:\/\/www.egemtv.com\/index.php?rest_route=%2Fwp%2Fv2%2Ftags&post=56415"}],"curies":[{"name":"wp","href":"https:\/\/api.w.org\/{rel}","templated":true}]}}