{"id":56409,"date":"2025-09-22T10:55:56","date_gmt":"2025-09-22T07:55:56","guid":{"rendered":"https:\/\/www.egemtv.com\/?p=56409"},"modified":"2025-09-22T10:55:58","modified_gmt":"2025-09-22T07:55:58","slug":"karaada-aciklarinda-suruklenen-tekne-kurtarildi","status":"publish","type":"post","link":"https:\/\/www.egemtv.com\/?p=56409","title":{"rendered":"Karaada a\u00e7\u0131klar\u0131nda s\u00fcr\u00fcklenen tekne kurtar\u0131ld\u0131"},"content":{"rendered":"<p>Mu\u011fla\u2019n\u0131n Bodrum il\u00e7esi a\u00e7\u0131klar\u0131nda makine ar\u0131zas\u0131 yapan ve i\u00e7inde 3 ki\u015fi bulunan tekne K\u0131y\u0131 Emniyet Genel M\u00fcd\u00fcrl\u00fc\u011f\u00fc ekipleri taraf\u0131ndan kurtar\u0131ld\u0131.<br \/>\n<br \/>Bodrum Karaada a\u00e7\u0131klar\u0131nda makine ar\u0131zas\u0131 nedeniyle s\u00fcr\u00fcklenen ve i\u00e7erisinde 3 ki\u015fi bulunan 12 metre boyundaki tekne, KIYEM-6 h\u0131zl\u0131 tahlisiye (can kurtarma) botuna yedeklenerek Bodrum Belediye Marina\u2019ya emniyetle demirletildi.<br \/><\/p>\n","protected":false},"excerpt":{"rendered":"<p>Mu\u011fla\u2019n\u0131n Bodrum il\u00e7esi a\u00e7\u0131klar\u0131nda makine ar\u0131zas\u0131 yapan ve i\u00e7inde 3 ki\u015fi bulunan tekne K\u0131y\u0131 Emniyet Genel M\u00fcd\u00fcrl\u00fc\u011f\u00fc ekipleri taraf\u0131ndan kurtar\u0131ld\u0131. Bodrum Karaada a\u00e7\u0131klar\u0131nda makine ar\u0131zas\u0131 nedeniyle s\u00fcr\u00fcklenen ve i\u00e7erisinde 3 ki\u015fi bulunan 12 metre boyundaki tekne, KIYEM-6 h\u0131zl\u0131 tahlisiye (can kurtarma) botuna yedeklenerek Bodrum Belediye Marina\u2019ya emniyetle demirletildi.<\/p>\n","protected":false},"author":1,"featured_media":56410,"comment_status":"open","ping_status":"open","sticky":false,"template":"","format":"standard","meta":{"_crdt_document":"","footnotes":""},"categories":[5],"tags":[],"class_list":["post-56409","post","type-post","status-publish","format-standard","has-post-thumbnail","hentry","category-asayis"],"_links":{"self":[{"href":"https:\/\/www.egemtv.com\/index.php?rest_route=\/wp\/v2\/posts\/56409","targetHints":{"allow":["GET"]}}],"collection":[{"href":"https:\/\/www.egemtv.com\/index.php?rest_route=\/wp\/v2\/posts"}],"about":[{"href":"https:\/\/www.egemtv.com\/index.php?rest_route=\/wp\/v2\/types\/post"}],"author":[{"embeddable":true,"href":"https:\/\/www.egemtv.com\/index.php?rest_route=\/wp\/v2\/users\/1"}],"replies":[{"embeddable":true,"href":"https:\/\/www.egemtv.com\/index.php?rest_route=%2Fwp%2Fv2%2Fcomments&post=56409"}],"version-history":[{"count":1,"href":"https:\/\/www.egemtv.com\/index.php?rest_route=\/wp\/v2\/posts\/56409\/revisions"}],"predecessor-version":[{"id":56411,"href":"https:\/\/www.egemtv.com\/index.php?rest_route=\/wp\/v2\/posts\/56409\/revisions\/56411"}],"wp:featuredmedia":[{"embeddable":true,"href":"https:\/\/www.egemtv.com\/index.php?rest_route=\/wp\/v2\/media\/56410"}],"wp:attachment":[{"href":"https:\/\/www.egemtv.com\/index.php?rest_route=%2Fwp%2Fv2%2Fmedia&parent=56409"}],"wp:term":[{"taxonomy":"category","embeddable":true,"href":"https:\/\/www.egemtv.com\/index.php?rest_route=%2Fwp%2Fv2%2Fcategories&post=56409"},{"taxonomy":"post_tag","embeddable":true,"href":"https:\/\/www.egemtv.com\/index.php?rest_route=%2Fwp%2Fv2%2Ftags&post=56409"}],"curies":[{"name":"wp","href":"https:\/\/api.w.org\/{rel}","templated":true}]}}