{"id":56406,"date":"2025-09-22T10:55:55","date_gmt":"2025-09-22T07:55:55","guid":{"rendered":"https:\/\/www.egemtv.com\/?p=56406"},"modified":"2025-09-22T10:55:56","modified_gmt":"2025-09-22T07:55:56","slug":"elektrik-kontagi-camiyi-kul-etti","status":"publish","type":"post","link":"https:\/\/www.egemtv.com\/?p=56406","title":{"rendered":"Elektrik konta\u011f\u0131 camiyi k\u00fcl etti"},"content":{"rendered":"<p>DEN\u0130ZL\u0130 (\u0130HA) \u2013 Denizli\u2019nin Ac\u0131payam il\u00e7esinde elektrik konta\u011f\u0131ndan \u00e7\u0131kt\u0131\u011f\u0131 edilen yang\u0131nda cami ve bir otomobil kullan\u0131lamaz hale geldi.<\/p>\n<p>Olay, Ac\u0131payam il\u00e7esine ba\u011fl\u0131 Karaismailler Mahallesi\u2019nde meydana geldi. Edinilen bilgiye g\u00f6re; mahalle camisindeki elektrik \u015febekesinde meydana gelen k\u0131sa devre sonucu yang\u0131n \u00e7\u0131kt\u0131. K\u0131sa s\u00fcrede caminin i\u00e7erisini kaplayan alevler, \u00e7at\u0131y\u0131 da tutu\u015fturdu.<\/p>\n<p>Yang\u0131na kendi imkanlar\u0131yla m\u00fcdahale eden vatanda\u015flar, 112 Acil \u00c7a\u011fr\u0131 Merkezini arayarak, yard\u0131m talebinde bulundu. \u0130hbar \u00fczerine b\u00f6lgeye sevk edilen itfaiye ekipleri, camiyi teslim alan alevlere m\u00fcdahale etti. Caminin \u00f6n\u00fcnde park halinde olan bir araca da s\u0131\u00e7rayan yang\u0131n, uzun u\u011fra\u015flar sonucu kontrol alt\u0131na al\u0131nd\u0131. Yang\u0131nda cami ve yang\u0131n\u0131ndan etkilenen ara\u00e7 kullan\u0131lamaz hale geldi.<br \/><\/p>\n","protected":false},"excerpt":{"rendered":"<p>DEN\u0130ZL\u0130 (\u0130HA) \u2013 Denizli\u2019nin Ac\u0131payam il\u00e7esinde elektrik konta\u011f\u0131ndan \u00e7\u0131kt\u0131\u011f\u0131 edilen yang\u0131nda cami ve bir otomobil kullan\u0131lamaz hale geldi. Olay, Ac\u0131payam il\u00e7esine ba\u011fl\u0131 Karaismailler Mahallesi\u2019nde meydana geldi. Edinilen bilgiye g\u00f6re; mahalle camisindeki elektrik \u015febekesinde meydana gelen k\u0131sa devre sonucu yang\u0131n \u00e7\u0131kt\u0131. K\u0131sa s\u00fcrede caminin i\u00e7erisini kaplayan alevler, \u00e7at\u0131y\u0131 da tutu\u015fturdu. Yang\u0131na kendi imkanlar\u0131yla m\u00fcdahale eden vatanda\u015flar,&#8230;<\/p>\n","protected":false},"author":1,"featured_media":56407,"comment_status":"open","ping_status":"open","sticky":false,"template":"","format":"standard","meta":{"_crdt_document":"","footnotes":""},"categories":[5],"tags":[],"class_list":["post-56406","post","type-post","status-publish","format-standard","has-post-thumbnail","hentry","category-asayis"],"_links":{"self":[{"href":"https:\/\/www.egemtv.com\/index.php?rest_route=\/wp\/v2\/posts\/56406","targetHints":{"allow":["GET"]}}],"collection":[{"href":"https:\/\/www.egemtv.com\/index.php?rest_route=\/wp\/v2\/posts"}],"about":[{"href":"https:\/\/www.egemtv.com\/index.php?rest_route=\/wp\/v2\/types\/post"}],"author":[{"embeddable":true,"href":"https:\/\/www.egemtv.com\/index.php?rest_route=\/wp\/v2\/users\/1"}],"replies":[{"embeddable":true,"href":"https:\/\/www.egemtv.com\/index.php?rest_route=%2Fwp%2Fv2%2Fcomments&post=56406"}],"version-history":[{"count":1,"href":"https:\/\/www.egemtv.com\/index.php?rest_route=\/wp\/v2\/posts\/56406\/revisions"}],"predecessor-version":[{"id":56408,"href":"https:\/\/www.egemtv.com\/index.php?rest_route=\/wp\/v2\/posts\/56406\/revisions\/56408"}],"wp:featuredmedia":[{"embeddable":true,"href":"https:\/\/www.egemtv.com\/index.php?rest_route=\/wp\/v2\/media\/56407"}],"wp:attachment":[{"href":"https:\/\/www.egemtv.com\/index.php?rest_route=%2Fwp%2Fv2%2Fmedia&parent=56406"}],"wp:term":[{"taxonomy":"category","embeddable":true,"href":"https:\/\/www.egemtv.com\/index.php?rest_route=%2Fwp%2Fv2%2Fcategories&post=56406"},{"taxonomy":"post_tag","embeddable":true,"href":"https:\/\/www.egemtv.com\/index.php?rest_route=%2Fwp%2Fv2%2Ftags&post=56406"}],"curies":[{"name":"wp","href":"https:\/\/api.w.org\/{rel}","templated":true}]}}