{"id":56403,"date":"2025-09-22T10:55:54","date_gmt":"2025-09-22T07:55:54","guid":{"rendered":"https:\/\/www.egemtv.com\/?p=56403"},"modified":"2025-09-22T10:55:55","modified_gmt":"2025-09-22T07:55:55","slug":"cineli-vatandaslar-gune-zumba-ile-basladi","status":"publish","type":"post","link":"https:\/\/www.egemtv.com\/?p=56403","title":{"rendered":"\u00c7ineli vatanda\u015flar g\u00fcne zumba ile ba\u015flad\u0131"},"content":{"rendered":"<p>Avrupa Hareketlilik Haftas\u0131 etkinlikleri kapsam\u0131nda Kuvayi Milliye Park\u0131\u2019nda zumba etkinli\u011fi d\u00fczenlendi.<\/p>\n<p>Sabah\u0131n erken saatlerinde bir araya gelen vatanda\u015flar, zumba e\u011fitmenleri Egemen Korkmaz ve Selda Canda\u015f e\u015fli\u011finde g\u00fcne sporla ve y\u00fcksek motivasyonla ba\u015flad\u0131. M\u00fczik e\u015fli\u011finde ger\u00e7ekle\u015ftirilen etkinlikte, her ya\u015ftan vatanda\u015f ritmik hareketlerle hem e\u011flenceli vakit ge\u00e7irdi hem de sa\u011fl\u0131kl\u0131 ya\u015fam i\u00e7in egzersizin \u00f6nemine dikkat \u00e7ekti. \u00c7ocuklardan ya\u015fl\u0131lara kadar geni\u015f bir kat\u0131l\u0131m\u0131n oldu\u011fu etkinlik, sabah sporunu sosyal bir bulu\u015fmaya d\u00f6n\u00fc\u015ft\u00fcrd\u00fc. Etkinlik sonras\u0131 yetkililer, &#8220;Kat\u0131l\u0131mlar\u0131yla etkinli\u011fimizi renklendiren t\u00fcm vatanda\u015flar\u0131m\u0131za ve bizlere e\u015flik eden e\u011fitmenlerimize te\u015fekk\u00fcr ediyoruz. Sa\u011fl\u0131kl\u0131 ya\u015fam\u0131 ve hareketlili\u011fi te\u015fvik eden bu t\u00fcr etkinlikleri hem\u015fehrilerimizle bulu\u015fturmaya devam edece\u011fiz&#8221; ifadelerini kulland\u0131.<br \/><\/p>\n","protected":false},"excerpt":{"rendered":"<p>Avrupa Hareketlilik Haftas\u0131 etkinlikleri kapsam\u0131nda Kuvayi Milliye Park\u0131\u2019nda zumba etkinli\u011fi d\u00fczenlendi. Sabah\u0131n erken saatlerinde bir araya gelen vatanda\u015flar, zumba e\u011fitmenleri Egemen Korkmaz ve Selda Canda\u015f e\u015fli\u011finde g\u00fcne sporla ve y\u00fcksek motivasyonla ba\u015flad\u0131. M\u00fczik e\u015fli\u011finde ger\u00e7ekle\u015ftirilen etkinlikte, her ya\u015ftan vatanda\u015f ritmik hareketlerle hem e\u011flenceli vakit ge\u00e7irdi hem de sa\u011fl\u0131kl\u0131 ya\u015fam i\u00e7in egzersizin \u00f6nemine dikkat \u00e7ekti. \u00c7ocuklardan&#8230;<\/p>\n","protected":false},"author":1,"featured_media":56404,"comment_status":"open","ping_status":"open","sticky":false,"template":"","format":"standard","meta":{"_crdt_document":"","footnotes":""},"categories":[1],"tags":[],"class_list":["post-56403","post","type-post","status-publish","format-standard","has-post-thumbnail","hentry","category-guncel"],"_links":{"self":[{"href":"https:\/\/www.egemtv.com\/index.php?rest_route=\/wp\/v2\/posts\/56403","targetHints":{"allow":["GET"]}}],"collection":[{"href":"https:\/\/www.egemtv.com\/index.php?rest_route=\/wp\/v2\/posts"}],"about":[{"href":"https:\/\/www.egemtv.com\/index.php?rest_route=\/wp\/v2\/types\/post"}],"author":[{"embeddable":true,"href":"https:\/\/www.egemtv.com\/index.php?rest_route=\/wp\/v2\/users\/1"}],"replies":[{"embeddable":true,"href":"https:\/\/www.egemtv.com\/index.php?rest_route=%2Fwp%2Fv2%2Fcomments&post=56403"}],"version-history":[{"count":1,"href":"https:\/\/www.egemtv.com\/index.php?rest_route=\/wp\/v2\/posts\/56403\/revisions"}],"predecessor-version":[{"id":56405,"href":"https:\/\/www.egemtv.com\/index.php?rest_route=\/wp\/v2\/posts\/56403\/revisions\/56405"}],"wp:featuredmedia":[{"embeddable":true,"href":"https:\/\/www.egemtv.com\/index.php?rest_route=\/wp\/v2\/media\/56404"}],"wp:attachment":[{"href":"https:\/\/www.egemtv.com\/index.php?rest_route=%2Fwp%2Fv2%2Fmedia&parent=56403"}],"wp:term":[{"taxonomy":"category","embeddable":true,"href":"https:\/\/www.egemtv.com\/index.php?rest_route=%2Fwp%2Fv2%2Fcategories&post=56403"},{"taxonomy":"post_tag","embeddable":true,"href":"https:\/\/www.egemtv.com\/index.php?rest_route=%2Fwp%2Fv2%2Ftags&post=56403"}],"curies":[{"name":"wp","href":"https:\/\/api.w.org\/{rel}","templated":true}]}}