{"id":56400,"date":"2025-09-22T10:55:53","date_gmt":"2025-09-22T07:55:53","guid":{"rendered":"https:\/\/www.egemtv.com\/?p=56400"},"modified":"2025-09-22T10:55:54","modified_gmt":"2025-09-22T07:55:54","slug":"kutahya-30-agustos-osbde-guncel-vergi-uygulamalari-ve-yatirim-tesvikleri-anlatildi","status":"publish","type":"post","link":"https:\/\/www.egemtv.com\/?p=56400","title":{"rendered":"K\u00fctahya 30 A\u011fustos OSB\u2019de g\u00fcncel vergi uygulamalar\u0131 ve yat\u0131r\u0131m te\u015fvikleri anlat\u0131ld\u0131"},"content":{"rendered":"<p>K\u00fctahya 30 A\u011fustos Organize Sanayi B\u00f6lgesinde (OSB) sanayici ve i\u015f insanlar\u0131na y\u00f6nelik g\u00fcncel vergi uygulamalar\u0131, yat\u0131r\u0131m te\u015fvikleri ve OSB \u00f6zelinde bilgiler payla\u015f\u0131ld\u0131.<br \/>\n<br \/>K\u00fctahya 30 A\u011fustos OSB\u2019de yerle\u015fkesi bulunan Teknokent konferans salonunda E. Gelir \u0130daresi Ba\u015fkan Yard\u0131mc\u0131s\u0131, Yeminli Mali M\u00fc\u015favir (YMM) Y\u0131ld\u0131r\u0131m Bozb\u0131y\u0131k, T\u00fcrkiye Serbest Muhasebeci Mali M\u00fc\u015favirler ve Yeminli Mali M\u00fc\u015favirler Odalar\u0131 Birli\u011fi (T\u00dcRMOB) Y\u00f6netim Kurulu Ba\u015fkan Dan\u0131\u015fman\u0131 YMM Abdulkerim \u00dc\u00e7ok, E. Gelir \u0130daresi Ba\u015fkan Yard\u0131mc\u0131s\u0131, Ankara YMM Odas\u0131 Haks\u0131z Rekabetle M\u00fccadele Kurulu \u00dcyesi Dr. Emrah \u00d6zbay, Anatolia Portf\u00f6y Genel M\u00fcd\u00fcr\u00fc ve Y\u00f6netim Kurulu Ba\u015fkan\u0131 taraf\u0131ndan ger\u00e7ekle\u015ftirilen sunumda, sanayici ve i\u015f insanlar\u0131na y\u00f6nelik g\u00fcncel vergi uygulamalar\u0131, yat\u0131r\u0131m te\u015fvikleri ve OSB \u00f6zelinde \u00f6nemli bilgiler payla\u015f\u0131ld\u0131.<br \/><\/p>\n","protected":false},"excerpt":{"rendered":"<p>K\u00fctahya 30 A\u011fustos Organize Sanayi B\u00f6lgesinde (OSB) sanayici ve i\u015f insanlar\u0131na y\u00f6nelik g\u00fcncel vergi uygulamalar\u0131, yat\u0131r\u0131m te\u015fvikleri ve OSB \u00f6zelinde bilgiler payla\u015f\u0131ld\u0131. K\u00fctahya 30 A\u011fustos OSB\u2019de yerle\u015fkesi bulunan Teknokent konferans salonunda E. Gelir \u0130daresi Ba\u015fkan Yard\u0131mc\u0131s\u0131, Yeminli Mali M\u00fc\u015favir (YMM) Y\u0131ld\u0131r\u0131m Bozb\u0131y\u0131k, T\u00fcrkiye Serbest Muhasebeci Mali M\u00fc\u015favirler ve Yeminli Mali M\u00fc\u015favirler Odalar\u0131 Birli\u011fi (T\u00dcRMOB) Y\u00f6netim&#8230;<\/p>\n","protected":false},"author":1,"featured_media":56401,"comment_status":"open","ping_status":"open","sticky":false,"template":"","format":"standard","meta":{"_crdt_document":"","footnotes":""},"categories":[125],"tags":[],"class_list":["post-56400","post","type-post","status-publish","format-standard","has-post-thumbnail","hentry","category-ekonomi"],"_links":{"self":[{"href":"https:\/\/www.egemtv.com\/index.php?rest_route=\/wp\/v2\/posts\/56400","targetHints":{"allow":["GET"]}}],"collection":[{"href":"https:\/\/www.egemtv.com\/index.php?rest_route=\/wp\/v2\/posts"}],"about":[{"href":"https:\/\/www.egemtv.com\/index.php?rest_route=\/wp\/v2\/types\/post"}],"author":[{"embeddable":true,"href":"https:\/\/www.egemtv.com\/index.php?rest_route=\/wp\/v2\/users\/1"}],"replies":[{"embeddable":true,"href":"https:\/\/www.egemtv.com\/index.php?rest_route=%2Fwp%2Fv2%2Fcomments&post=56400"}],"version-history":[{"count":1,"href":"https:\/\/www.egemtv.com\/index.php?rest_route=\/wp\/v2\/posts\/56400\/revisions"}],"predecessor-version":[{"id":56402,"href":"https:\/\/www.egemtv.com\/index.php?rest_route=\/wp\/v2\/posts\/56400\/revisions\/56402"}],"wp:featuredmedia":[{"embeddable":true,"href":"https:\/\/www.egemtv.com\/index.php?rest_route=\/wp\/v2\/media\/56401"}],"wp:attachment":[{"href":"https:\/\/www.egemtv.com\/index.php?rest_route=%2Fwp%2Fv2%2Fmedia&parent=56400"}],"wp:term":[{"taxonomy":"category","embeddable":true,"href":"https:\/\/www.egemtv.com\/index.php?rest_route=%2Fwp%2Fv2%2Fcategories&post=56400"},{"taxonomy":"post_tag","embeddable":true,"href":"https:\/\/www.egemtv.com\/index.php?rest_route=%2Fwp%2Fv2%2Ftags&post=56400"}],"curies":[{"name":"wp","href":"https:\/\/api.w.org\/{rel}","templated":true}]}}