{"id":56394,"date":"2025-09-22T10:36:02","date_gmt":"2025-09-22T07:36:02","guid":{"rendered":"https:\/\/www.egemtv.com\/?p=56394"},"modified":"2025-09-22T10:36:02","modified_gmt":"2025-09-22T07:36:02","slug":"baskan-arslan-yerel-yonetimlerin-tarimdaki-onemini-ozbekistanda-anlatti","status":"publish","type":"post","link":"https:\/\/www.egemtv.com\/?p=56394","title":{"rendered":"Ba\u015fkan Arslan yerel y\u00f6netimlerin tar\u0131mdaki \u00f6nemini \u00d6zbekistan\u2019da anlatt\u0131"},"content":{"rendered":"<p>DEN\u0130ZL\u0130 (\u0130HA) \u2013 Denizli\u2019nin \u00c7ameli Belediye Ba\u015fkan\u0131 Cengiz Arslan, yerel y\u00f6netimlerin tar\u0131mdaki \u00f6nemini ata topraklar\u0131 \u00d6zbekistan\u2019da d\u00fczenlenen Uluslararas\u0131 Tar\u0131m Kongresinde anlatt\u0131.<\/p>\n<p>\u00c7ameli Belediye Ba\u015fkan\u0131 Cengiz Arslan, e\u015fi \u0130lkin Arslan ve proje koordinat\u00f6r\u00fc Emirhan Aksit, ata topraklar\u0131 \u00d6zbekistan\u2019\u0131n kadim \u015fehri Semerkant\u2019ta d\u00fczenlenen Uluslararas\u0131 Tar\u0131m Kongresine kat\u0131ld\u0131.<\/p>\n<p>Semerkant Devlet \u00dcniversitesinde ger\u00e7ekle\u015ftirilen Uluslararas\u0131 Tar\u0131m Kongresinde &#8220;Yerel Y\u00f6netimlerin Tar\u0131mdaki \u00d6nemi&#8221; konulu sunum yapan \u00c7ameli Belediye Ba\u015fkan\u0131 Cengiz Arslan, \u00c7ameli, Denizli ve \u00fclkemizi en iyi \u015fekilde temsil ettiler. Bu \u00f6nemli organizasyonda yer alarak, tar\u0131m sekt\u00f6r\u00fc i\u00e7in faydal\u0131 bir sunuma imza atan Ba\u015fkan Arslan, T\u00fcrkiye ad\u0131na b\u00fcy\u00fck bir gurur kayna\u011f\u0131 oldu.<br \/><\/p>\n","protected":false},"excerpt":{"rendered":"<p>DEN\u0130ZL\u0130 (\u0130HA) \u2013 Denizli\u2019nin \u00c7ameli Belediye Ba\u015fkan\u0131 Cengiz Arslan, yerel y\u00f6netimlerin tar\u0131mdaki \u00f6nemini ata topraklar\u0131 \u00d6zbekistan\u2019da d\u00fczenlenen Uluslararas\u0131 Tar\u0131m Kongresinde anlatt\u0131. \u00c7ameli Belediye Ba\u015fkan\u0131 Cengiz Arslan, e\u015fi \u0130lkin Arslan ve proje koordinat\u00f6r\u00fc Emirhan Aksit, ata topraklar\u0131 \u00d6zbekistan\u2019\u0131n kadim \u015fehri Semerkant\u2019ta d\u00fczenlenen Uluslararas\u0131 Tar\u0131m Kongresine kat\u0131ld\u0131. Semerkant Devlet \u00dcniversitesinde ger\u00e7ekle\u015ftirilen Uluslararas\u0131 Tar\u0131m Kongresinde &#8220;Yerel Y\u00f6netimlerin Tar\u0131mdaki&#8230;<\/p>\n","protected":false},"author":1,"featured_media":56395,"comment_status":"open","ping_status":"open","sticky":false,"template":"","format":"standard","meta":{"_crdt_document":"","footnotes":""},"categories":[125],"tags":[],"class_list":["post-56394","post","type-post","status-publish","format-standard","has-post-thumbnail","hentry","category-ekonomi"],"_links":{"self":[{"href":"https:\/\/www.egemtv.com\/index.php?rest_route=\/wp\/v2\/posts\/56394","targetHints":{"allow":["GET"]}}],"collection":[{"href":"https:\/\/www.egemtv.com\/index.php?rest_route=\/wp\/v2\/posts"}],"about":[{"href":"https:\/\/www.egemtv.com\/index.php?rest_route=\/wp\/v2\/types\/post"}],"author":[{"embeddable":true,"href":"https:\/\/www.egemtv.com\/index.php?rest_route=\/wp\/v2\/users\/1"}],"replies":[{"embeddable":true,"href":"https:\/\/www.egemtv.com\/index.php?rest_route=%2Fwp%2Fv2%2Fcomments&post=56394"}],"version-history":[{"count":1,"href":"https:\/\/www.egemtv.com\/index.php?rest_route=\/wp\/v2\/posts\/56394\/revisions"}],"predecessor-version":[{"id":56396,"href":"https:\/\/www.egemtv.com\/index.php?rest_route=\/wp\/v2\/posts\/56394\/revisions\/56396"}],"wp:featuredmedia":[{"embeddable":true,"href":"https:\/\/www.egemtv.com\/index.php?rest_route=\/wp\/v2\/media\/56395"}],"wp:attachment":[{"href":"https:\/\/www.egemtv.com\/index.php?rest_route=%2Fwp%2Fv2%2Fmedia&parent=56394"}],"wp:term":[{"taxonomy":"category","embeddable":true,"href":"https:\/\/www.egemtv.com\/index.php?rest_route=%2Fwp%2Fv2%2Fcategories&post=56394"},{"taxonomy":"post_tag","embeddable":true,"href":"https:\/\/www.egemtv.com\/index.php?rest_route=%2Fwp%2Fv2%2Ftags&post=56394"}],"curies":[{"name":"wp","href":"https:\/\/api.w.org\/{rel}","templated":true}]}}