{"id":56391,"date":"2025-09-22T10:36:00","date_gmt":"2025-09-22T07:36:00","guid":{"rendered":"https:\/\/www.egemtv.com\/?p=56391"},"modified":"2025-09-22T10:36:01","modified_gmt":"2025-09-22T07:36:01","slug":"izmirde-feci-kaza-1-olu-9-yarali","status":"publish","type":"post","link":"https:\/\/www.egemtv.com\/?p=56391","title":{"rendered":"\u0130zmir\u2019de feci kaza: 1 \u00f6l\u00fc, 9 yaral\u0131"},"content":{"rendered":"<p>\u0130zmir\u2019in \u00d6demi\u015f il\u00e7esinde alkoll\u00fc s\u00fcr\u00fcc\u00fcn\u00fcn neden oldu\u011fu trafik kazas\u0131nda 1 ki\u015fi hayat\u0131n\u0131 kaybederken, 9 ki\u015fi yaraland\u0131.<br \/>\n<br \/>Kaza, d\u00fcn ak\u015fam saat 21.40 s\u0131ralar\u0131nda \u00d6demi\u015f il\u00e7esi Konakl\u0131 Mahallesi Beyda\u011f-Tire Karayolu\u2019nda meydana geldi. Edinilen bilgiye g\u00f6re, H.P. (32) y\u00f6netimindeki 35 HP 140 plakal\u0131 kamyonet, tali yoldan ana yola \u00e7\u0131kan \u0130.H.M. (33) idaresindeki 50 MA 1344 plakal\u0131 otomobille \u00e7arp\u0131\u015ft\u0131. \u00c7arpman\u0131n etkisiyle ara\u00e7lar savrulurken, kazay\u0131 g\u00f6renlerin bildirmesi \u00fczerine b\u00f6lgeye sa\u011fl\u0131k ve jandarma ekipleri sevk edildi. Yap\u0131lan kontrollerde, otomobilde bulunan \u0130.H.M., M.H.M. (6), S.H.M. (3), N.E.H. (24), K.\u015e. (2), A.T. (4), \u00d6.H.M. (1), L.\u015e. (2 ayl\u0131k) ve S.\u015e. (29) yaraland\u0131, yine otomobilde bulunan Emira Hilal (35) ise olay yerinde hayat\u0131n\u0131 kaybetti. S\u0131k\u0131\u015ft\u0131\u011f\u0131 yerden uzun u\u011fra\u015flar sonucu \u00e7\u0131kar\u0131lan Emira Hilal\u2019in cenazesi, otopsi i\u00e7in morga g\u00f6nderildi.<\/p>\n<p>Kaza sonras\u0131 yap\u0131lan kontrollerde alkoll\u00fc oldu\u011fu belirlenen otomobil s\u00fcr\u00fcc\u00fcs\u00fc H.P. jandarma ekiplerince g\u00f6zalt\u0131na al\u0131nd\u0131. Kazayla ilgili soru\u015fturma ba\u015flat\u0131ld\u0131.<br \/><\/p>\n","protected":false},"excerpt":{"rendered":"<p>\u0130zmir\u2019in \u00d6demi\u015f il\u00e7esinde alkoll\u00fc s\u00fcr\u00fcc\u00fcn\u00fcn neden oldu\u011fu trafik kazas\u0131nda 1 ki\u015fi hayat\u0131n\u0131 kaybederken, 9 ki\u015fi yaraland\u0131. Kaza, d\u00fcn ak\u015fam saat 21.40 s\u0131ralar\u0131nda \u00d6demi\u015f il\u00e7esi Konakl\u0131 Mahallesi Beyda\u011f-Tire Karayolu\u2019nda meydana geldi. Edinilen bilgiye g\u00f6re, H.P. (32) y\u00f6netimindeki 35 HP 140 plakal\u0131 kamyonet, tali yoldan ana yola \u00e7\u0131kan \u0130.H.M. (33) idaresindeki 50 MA 1344 plakal\u0131 otomobille \u00e7arp\u0131\u015ft\u0131&#8230;.<\/p>\n","protected":false},"author":1,"featured_media":56392,"comment_status":"open","ping_status":"open","sticky":false,"template":"","format":"standard","meta":{"_crdt_document":"","footnotes":""},"categories":[5],"tags":[],"class_list":["post-56391","post","type-post","status-publish","format-standard","has-post-thumbnail","hentry","category-asayis"],"_links":{"self":[{"href":"https:\/\/www.egemtv.com\/index.php?rest_route=\/wp\/v2\/posts\/56391","targetHints":{"allow":["GET"]}}],"collection":[{"href":"https:\/\/www.egemtv.com\/index.php?rest_route=\/wp\/v2\/posts"}],"about":[{"href":"https:\/\/www.egemtv.com\/index.php?rest_route=\/wp\/v2\/types\/post"}],"author":[{"embeddable":true,"href":"https:\/\/www.egemtv.com\/index.php?rest_route=\/wp\/v2\/users\/1"}],"replies":[{"embeddable":true,"href":"https:\/\/www.egemtv.com\/index.php?rest_route=%2Fwp%2Fv2%2Fcomments&post=56391"}],"version-history":[{"count":1,"href":"https:\/\/www.egemtv.com\/index.php?rest_route=\/wp\/v2\/posts\/56391\/revisions"}],"predecessor-version":[{"id":56393,"href":"https:\/\/www.egemtv.com\/index.php?rest_route=\/wp\/v2\/posts\/56391\/revisions\/56393"}],"wp:featuredmedia":[{"embeddable":true,"href":"https:\/\/www.egemtv.com\/index.php?rest_route=\/wp\/v2\/media\/56392"}],"wp:attachment":[{"href":"https:\/\/www.egemtv.com\/index.php?rest_route=%2Fwp%2Fv2%2Fmedia&parent=56391"}],"wp:term":[{"taxonomy":"category","embeddable":true,"href":"https:\/\/www.egemtv.com\/index.php?rest_route=%2Fwp%2Fv2%2Fcategories&post=56391"},{"taxonomy":"post_tag","embeddable":true,"href":"https:\/\/www.egemtv.com\/index.php?rest_route=%2Fwp%2Fv2%2Ftags&post=56391"}],"curies":[{"name":"wp","href":"https:\/\/api.w.org\/{rel}","templated":true}]}}