{"id":56388,"date":"2025-09-22T10:14:54","date_gmt":"2025-09-22T07:14:54","guid":{"rendered":"https:\/\/www.egemtv.com\/?p=56388"},"modified":"2025-09-22T10:14:55","modified_gmt":"2025-09-22T07:14:55","slug":"altayda-ramazan-kursunlu-istifa-etti","status":"publish","type":"post","link":"https:\/\/www.egemtv.com\/?p=56388","title":{"rendered":"Altay\u2019da Ramazan Kur\u015funlu istifa etti"},"content":{"rendered":"<p>Altay\u2019da Teknik Direkt\u00f6r Ramazan Kur\u015funlu, Denizli \u0130dmanyurdu kar\u015f\u0131s\u0131nda al\u0131nan 2-1\u2019lik ma\u011flubiyetin ard\u0131ndan istifa etti.<br \/>\n<br \/>TFF 3. Lig 4. Grup ekiplerinden Altay\u2019da Teknik Direkt\u00f6r Ramazan Kur\u015funlu depremi ya\u015fand\u0131. Deneyimli \u00e7al\u0131\u015ft\u0131r\u0131c\u0131, Denizli \u0130dmanyurdu kar\u015f\u0131s\u0131nda al\u0131nan 2-1\u2019lik yenilgi sonras\u0131nda istifa etti. 44 ya\u015f\u0131ndaki teknik direkt\u00f6r, siyah-beyazl\u0131 ekibin ba\u015f\u0131nda \u00e7\u0131kt\u0131\u011f\u0131 3 ma\u00e7ta 2 ma\u011flubiyet 1 beraberlik al\u0131rken T\u00fcrkiye Kupas\u0131\u2019ndan da ilk turda elendi.<\/p>\n<p>&#8220;Bundan b\u00f6yle trib\u00fcnde bir fazlay\u0131z&#8221;<br \/>\n<br \/>Ya\u015fanan ayr\u0131l\u0131k sonras\u0131nda Ramazan Kur\u015funlu, resmi sosyal medya hesaplar\u0131ndan veda payla\u015f\u0131m\u0131 yapt\u0131. \u00c7ocukken Altay kap\u0131s\u0131ndan i\u00e7eri girdi\u011fini belirten Kur\u015funlu, &#8220;Kul\u00fcb\u00fcme teknik adam olarak hizmet ederek zor g\u00fcnlerinde destek olmak i\u00e7in t\u00fcm g\u00fcc\u00fcmle \u00e7al\u0131\u015ft\u0131m \u00e7abalad\u0131m. Futbol bazen hedeflenenlerin ger\u00e7ekle\u015femedi\u011fi, bazen \u00e7al\u0131\u015fmalar\u0131n kar\u015f\u0131l\u0131\u011f\u0131n\u0131n al\u0131namad\u0131\u011f\u0131 bir oyun. Gelinen noktada bir kan de\u011fi\u015fikli\u011fi gerekti\u011fini d\u00fc\u015f\u00fcnd\u00fc\u011f\u00fcm i\u00e7in bu \u015ferefli g\u00f6revi \u00fcz\u00fclerek de olsa b\u0131rak\u0131yorum. Bu s\u00fcre\u00e7te bana ve ekibime bu b\u00fcy\u00fck kul\u00fcpte \u00e7al\u0131\u015fma imkan\u0131 veren Ba\u015fkan\u0131m\u0131z Say\u0131n Sinan Kanl\u0131\u2019ya, ilk g\u00fcnden beri emek veren teknik ekibime ve her an\u0131m\u0131zda deste\u011fini esirgemeyen taraftarlar\u0131m\u0131za ve aileme sonsuz te\u015fekk\u00fcrlerimi sunar\u0131m. B\u00fcy\u00fck Altay\u2018\u0131n eski g\u00fczel g\u00fcnlerine mutlaka d\u00f6nece\u011fine inanc\u0131m tam. Bundan b\u00f6yle trib\u00fcnde bir fazlay\u0131z. Hepiniz Allah\u2019a emanet olun&#8221; ifadelerine yer verdi.<br \/><\/p>\n","protected":false},"excerpt":{"rendered":"<p>Altay\u2019da Teknik Direkt\u00f6r Ramazan Kur\u015funlu, Denizli \u0130dmanyurdu kar\u015f\u0131s\u0131nda al\u0131nan 2-1\u2019lik ma\u011flubiyetin ard\u0131ndan istifa etti. TFF 3. Lig 4. Grup ekiplerinden Altay\u2019da Teknik Direkt\u00f6r Ramazan Kur\u015funlu depremi ya\u015fand\u0131. Deneyimli \u00e7al\u0131\u015ft\u0131r\u0131c\u0131, Denizli \u0130dmanyurdu kar\u015f\u0131s\u0131nda al\u0131nan 2-1\u2019lik yenilgi sonras\u0131nda istifa etti. 44 ya\u015f\u0131ndaki teknik direkt\u00f6r, siyah-beyazl\u0131 ekibin ba\u015f\u0131nda \u00e7\u0131kt\u0131\u011f\u0131 3 ma\u00e7ta 2 ma\u011flubiyet 1 beraberlik al\u0131rken T\u00fcrkiye Kupas\u0131\u2019ndan&#8230;<\/p>\n","protected":false},"author":1,"featured_media":56389,"comment_status":"open","ping_status":"open","sticky":false,"template":"","format":"standard","meta":{"_crdt_document":"","footnotes":""},"categories":[4],"tags":[],"class_list":["post-56388","post","type-post","status-publish","format-standard","has-post-thumbnail","hentry","category-spor"],"_links":{"self":[{"href":"https:\/\/www.egemtv.com\/index.php?rest_route=\/wp\/v2\/posts\/56388","targetHints":{"allow":["GET"]}}],"collection":[{"href":"https:\/\/www.egemtv.com\/index.php?rest_route=\/wp\/v2\/posts"}],"about":[{"href":"https:\/\/www.egemtv.com\/index.php?rest_route=\/wp\/v2\/types\/post"}],"author":[{"embeddable":true,"href":"https:\/\/www.egemtv.com\/index.php?rest_route=\/wp\/v2\/users\/1"}],"replies":[{"embeddable":true,"href":"https:\/\/www.egemtv.com\/index.php?rest_route=%2Fwp%2Fv2%2Fcomments&post=56388"}],"version-history":[{"count":1,"href":"https:\/\/www.egemtv.com\/index.php?rest_route=\/wp\/v2\/posts\/56388\/revisions"}],"predecessor-version":[{"id":56390,"href":"https:\/\/www.egemtv.com\/index.php?rest_route=\/wp\/v2\/posts\/56388\/revisions\/56390"}],"wp:featuredmedia":[{"embeddable":true,"href":"https:\/\/www.egemtv.com\/index.php?rest_route=\/wp\/v2\/media\/56389"}],"wp:attachment":[{"href":"https:\/\/www.egemtv.com\/index.php?rest_route=%2Fwp%2Fv2%2Fmedia&parent=56388"}],"wp:term":[{"taxonomy":"category","embeddable":true,"href":"https:\/\/www.egemtv.com\/index.php?rest_route=%2Fwp%2Fv2%2Fcategories&post=56388"},{"taxonomy":"post_tag","embeddable":true,"href":"https:\/\/www.egemtv.com\/index.php?rest_route=%2Fwp%2Fv2%2Ftags&post=56388"}],"curies":[{"name":"wp","href":"https:\/\/api.w.org\/{rel}","templated":true}]}}