{"id":56385,"date":"2025-09-22T10:14:53","date_gmt":"2025-09-22T07:14:53","guid":{"rendered":"https:\/\/www.egemtv.com\/?p=56385"},"modified":"2025-09-22T10:14:54","modified_gmt":"2025-09-22T07:14:54","slug":"kuresel-tasarim-konferansi-ilk-kez-turkiyede","status":"publish","type":"post","link":"https:\/\/www.egemtv.com\/?p=56385","title":{"rendered":"K\u00fcresel tasar\u0131m konferans\u0131 ilk kez T\u00fcrkiye\u2019de"},"content":{"rendered":"<p>T\u00fcrkiye\u2019de ilk kez \u0130zmir\u2019de ger\u00e7ekle\u015fen Uluslararas\u0131 Tasar\u0131m Odakl\u0131 D\u00fc\u015f\u00fcnme A\u011f\u0131 (Global Design Thinking Alliance-GDTA) Senelik Konferans\u0131\u2019nda, tasar\u0131m\u0131n gelecek rotas\u0131 \u00e7izildi. &#8220;Design Thinking for Good \/ \u0130yilik i\u00e7in Tasar\u0131m&#8221; temas\u0131yla d\u00fczenlenen konferans, d\u00fcnyan\u0131n \u00f6nde gelen tasar\u0131m ve inovasyon liderlerini \u0130zmir\u2019de bir araya getirdi.<br \/>\n<br \/>Ya\u015far \u00dcniversitesi ev sahipli\u011finde ve \u0130zmir B\u00fcy\u00fck\u015fehir Belediyesi\u2019nin deste\u011fiyle ger\u00e7ekle\u015fen konferans, 30\u2019dan fazla \u00fclkeden akademisyenleri, kamu temsilcilerini, \u00f6zel sekt\u00f6r liderlerini, sivil toplum \u00f6rg\u00fctlerini ve \u00f6\u011frencileri bulu\u015fturdu. \u0130zmir\u2019in &#8220;yarat\u0131c\u0131 \u015fehir&#8221; vizyonuna g\u00fc\u00e7 katan etkinlikte, tasar\u0131m odakl\u0131 d\u00fc\u015f\u00fcnmenin toplumsal, \u00e7evresel ve k\u00fclt\u00fcrel boyutlar\u0131 ele al\u0131nd\u0131.<br \/>\n<br \/>\u0130zmir B\u00fcy\u00fck\u015fehir Belediyesi Genel Sekreter Yard\u0131mc\u0131s\u0131 Prof. Dr. P\u0131nar Okyay, belediyenin stratejik \u00f6ncelikleri aras\u0131nda yer alan &#8220;Tek Sa\u011fl\u0131k&#8221; yakla\u015f\u0131m\u0131na dikkat \u00e7ekerek, &#8220;Amac\u0131m\u0131z; do\u011fa, hayvanlar ve insanlar\u0131n uyum i\u00e7inde ya\u015fayaca\u011f\u0131 bir kent deneyimini hayata ge\u00e7irmek. Bu konferans, bu vizyonun uluslararas\u0131 \u00f6l\u00e7ekte payla\u015f\u0131lmas\u0131 i\u00e7in \u00e7ok de\u011ferli bir f\u0131rsat sunuyor&#8221; dedi.<br \/>\n<br \/>Ya\u015far \u00dcniversitesi Rekt\u00f6r\u00fc Prof. Dr. Levent Kandiller, etkinli\u011fin \u00f6nemine de\u011finerek \u015funlar\u0131 s\u00f6yledi: &#8220;\u2018\u0130yilik i\u00e7in Tasar\u0131m Odakl\u0131 D\u00fc\u015f\u00fcnme\u2019 temas\u0131yla ger\u00e7ekle\u015fen bu bulu\u015fmada, d\u00fcnyan\u0131n \u00f6nde gelen \u00fcniversitelerinden ve kurumlar\u0131ndan gelen konu\u015fmac\u0131lar, deneyimlerini T\u00fcrkiye\u2019den kat\u0131l\u0131mc\u0131larla payla\u015farak uzun vadeli i\u015f birliklerinin kap\u0131s\u0131n\u0131 aral\u0131yor. Ya\u015far \u00dcniversitesi olarak tasar\u0131m odakl\u0131 d\u00fc\u015f\u00fcnmeyi yaln\u0131zca bir y\u00f6ntem de\u011fil, bir zihniyet olarak benimsiyoruz. M\u00fcfredat geli\u015ftirme, toplum temelli projeler ve disiplinler aras\u0131 ara\u015ft\u0131rmalar stratejimizin temel noktalar\u0131. Tasar\u0131m d\u00fc\u015f\u00fcncesini toplumsal kat\u0131l\u0131mla birle\u015ftirerek ger\u00e7ek problemlere y\u00f6nelik \u00e7\u00f6z\u00fcm ortamlar\u0131 olu\u015fturmay\u0131 hedefliyoruz.&#8221;<\/p>\n<p>\u0130zmir ev sahipli\u011fi yapt\u0131<br \/>\n<br \/>Konferans s\u00fcresince Ya\u015far \u00dcniversitesi \u00f6\u011frencileri ve akademisyenleri, g\u00f6n\u00fcll\u00fc destekleri ve aktif kat\u0131l\u0131mlar\u0131yla organizasyonun ba\u015far\u0131s\u0131nda \u00f6nemli rol oynad\u0131. Konferans boyunca g\u00f6rev alan \u00f6\u011frenciler, uluslararas\u0131 konu\u015fmac\u0131larla birebir \u00e7al\u0131\u015farak deneyim kazand\u0131. Etkinlik Koordinat\u00f6r\u00fc Dr. \u00d6\u011fr. \u00dcyesi Can G\u00fcvenir, s\u00fcrece dair \u015funlar\u0131 aktard\u0131:<br \/>\n<br \/>&#8220;Amac\u0131m\u0131z yaln\u0131zca inovasyonu konu\u015fmak de\u011fil; toplumsal, \u00e7evresel ve k\u00fclt\u00fcrel de\u011ferlerimizi g\u00f6zeterek daha iyi bir gelecek i\u00e7in ortak ak\u0131l \u00fcretmek. \u0130zmir\u2019in bu s\u00fcre\u00e7te ev sahipli\u011fi yapmas\u0131, kenti iyili\u011fin ve d\u00f6n\u00fc\u015f\u00fcm\u00fcn k\u00fcresel bulu\u015fma noktas\u0131 haline getiriyor.&#8221;<\/p>\n<p>K\u00fcresel liderlerden mesajlar<br \/>\n<br \/>GDTA Y\u00f6netim Kurulu Ba\u015fkan\u0131 Uli Weinberg, &#8220;2017\u2019de ba\u015flayan yolculu\u011fumuz bug\u00fcn 25 \u00fclkeden 42 \u00fcye ile devam ediyor. Amac\u0131m\u0131z, k\u00fcresel i\u015f birli\u011fi ve e\u011fitimle bar\u0131\u015f\u00e7\u0131l bir d\u00fcnyaya katk\u0131 sa\u011flamak.&#8221; dedi.<br \/>\n<br \/>Design for Good\u2019un Kurucu Orta\u011f\u0131 Sean Carney, &#8220;Tasar\u0131mc\u0131 i\u00e7in temel ad\u0131mlar; empati kur, ba\u011flant\u0131 kur ve harekete ge\u00e7 olmal\u0131. Fikirler ancak uyguland\u0131\u011f\u0131nda ger\u00e7ek etki olu\u015fturur&#8221; diye konu\u015ftu. Ya\u015far Holding \u0130cra Ba\u015fkan\u0131 Mehmet Akta\u015f, toplulu\u011fun 80 y\u0131ll\u0131k yolculu\u011funda tasar\u0131m odakl\u0131 d\u00f6n\u00fc\u015f\u00fcm projelerini anlatarak &#8220;Hedefimiz herkes i\u00e7in daha iyi bir ya\u015fam.&#8221; vurgusu yapt\u0131. Don Norman Design Award CEO\u2019su Srini R. Srinivasan, &#8220;\u0130nsanlar i\u00e7in de\u011fil, insanlarla birlikte tasar\u0131m yapmay\u0131 savunuyoruz.&#8221; dedi. Tasar\u0131m d\u00fcnyas\u0131n\u0131n \u00f6nc\u00fclerinden Don Norman, yapay zek\u00e2 ve etik \u00fczerine yapt\u0131\u011f\u0131 konu\u015fmada &#8220;Daha fazla tasar\u0131mc\u0131n\u0131n yapay zek\u00e2 alan\u0131nda \u00e7al\u0131\u015fmas\u0131 gerekiyor.&#8221; mesaj\u0131n\u0131 verdi.<br \/>\n<br \/>Konferans kapsam\u0131nda d\u00fczenlenen Design in Action at\u00f6lyeleri, Design Safari \u015fehir turlar\u0131 ve Design Cruise etkinli\u011fi ile kat\u0131l\u0131mc\u0131lar \u0130zmir\u2019in yenilik\u00e7i potansiyelini deneyimleme f\u0131rsat\u0131 buldu. B\u00f6ylece \u0130zmir, hem akademi hem de tasar\u0131m d\u00fcnyas\u0131 i\u00e7in k\u00fcresel bir bulu\u015fma noktas\u0131 olarak \u00f6ne \u00e7\u0131kt\u0131.<br \/><\/p>\n","protected":false},"excerpt":{"rendered":"<p>T\u00fcrkiye\u2019de ilk kez \u0130zmir\u2019de ger\u00e7ekle\u015fen Uluslararas\u0131 Tasar\u0131m Odakl\u0131 D\u00fc\u015f\u00fcnme A\u011f\u0131 (Global Design Thinking Alliance-GDTA) Senelik Konferans\u0131\u2019nda, tasar\u0131m\u0131n gelecek rotas\u0131 \u00e7izildi. &#8220;Design Thinking for Good \/ \u0130yilik i\u00e7in Tasar\u0131m&#8221; temas\u0131yla d\u00fczenlenen konferans, d\u00fcnyan\u0131n \u00f6nde gelen tasar\u0131m ve inovasyon liderlerini \u0130zmir\u2019de bir araya getirdi. Ya\u015far \u00dcniversitesi ev sahipli\u011finde ve \u0130zmir B\u00fcy\u00fck\u015fehir Belediyesi\u2019nin deste\u011fiyle ger\u00e7ekle\u015fen konferans, 30\u2019dan fazla&#8230;<\/p>\n","protected":false},"author":1,"featured_media":56386,"comment_status":"open","ping_status":"open","sticky":false,"template":"","format":"standard","meta":{"_crdt_document":"","footnotes":""},"categories":[1],"tags":[],"class_list":["post-56385","post","type-post","status-publish","format-standard","has-post-thumbnail","hentry","category-guncel"],"_links":{"self":[{"href":"https:\/\/www.egemtv.com\/index.php?rest_route=\/wp\/v2\/posts\/56385","targetHints":{"allow":["GET"]}}],"collection":[{"href":"https:\/\/www.egemtv.com\/index.php?rest_route=\/wp\/v2\/posts"}],"about":[{"href":"https:\/\/www.egemtv.com\/index.php?rest_route=\/wp\/v2\/types\/post"}],"author":[{"embeddable":true,"href":"https:\/\/www.egemtv.com\/index.php?rest_route=\/wp\/v2\/users\/1"}],"replies":[{"embeddable":true,"href":"https:\/\/www.egemtv.com\/index.php?rest_route=%2Fwp%2Fv2%2Fcomments&post=56385"}],"version-history":[{"count":1,"href":"https:\/\/www.egemtv.com\/index.php?rest_route=\/wp\/v2\/posts\/56385\/revisions"}],"predecessor-version":[{"id":56387,"href":"https:\/\/www.egemtv.com\/index.php?rest_route=\/wp\/v2\/posts\/56385\/revisions\/56387"}],"wp:featuredmedia":[{"embeddable":true,"href":"https:\/\/www.egemtv.com\/index.php?rest_route=\/wp\/v2\/media\/56386"}],"wp:attachment":[{"href":"https:\/\/www.egemtv.com\/index.php?rest_route=%2Fwp%2Fv2%2Fmedia&parent=56385"}],"wp:term":[{"taxonomy":"category","embeddable":true,"href":"https:\/\/www.egemtv.com\/index.php?rest_route=%2Fwp%2Fv2%2Fcategories&post=56385"},{"taxonomy":"post_tag","embeddable":true,"href":"https:\/\/www.egemtv.com\/index.php?rest_route=%2Fwp%2Fv2%2Ftags&post=56385"}],"curies":[{"name":"wp","href":"https:\/\/api.w.org\/{rel}","templated":true}]}}