{"id":56382,"date":"2025-09-22T10:14:52","date_gmt":"2025-09-22T07:14:52","guid":{"rendered":"https:\/\/www.egemtv.com\/?p=56382"},"modified":"2025-09-22T10:14:53","modified_gmt":"2025-09-22T07:14:53","slug":"usak-universitesi-turkiyenin-gururu-teknofest-2025te-bilim-ve-teknoloji-tutkunlariyla-bulustu","status":"publish","type":"post","link":"https:\/\/www.egemtv.com\/?p=56382","title":{"rendered":"U\u015fak \u00dcniversitesi, T\u00fcrkiye\u2019nin gururu TEKNOFEST 2025\u2019te bilim ve teknoloji tutkunlar\u0131yla bulu\u015ftu"},"content":{"rendered":"<p>T\u00fcrkiye\u2019nin ilk ve tek havac\u0131l\u0131k, uzay ve teknoloji festivali olan TEKNOFEST 2025, bu y\u0131l 12\u2019nci kez milyonlarca teknoloji merakl\u0131s\u0131n\u0131 bir araya getirdi.<\/p>\n<p>Festivalde, U\u015fak \u00dcniversitesi Teknoloji Transfer Ofisi (TTO), Teknofest \u00d6\u011frenci Toplulu\u011fu ve Siber G\u00fcvenlik Toplulu\u011fu \u00f6\u011frencileri teknoloji ve bilim tutkunlar\u0131yla bir araya gelerek b\u00fcy\u00fck ilgi g\u00f6rd\u00fc. Y\u00fcksek\u00f6\u011fretim Kurulu (Y\u00d6K) Ba\u015fkan\u0131 Prof. Dr. Erol \u00d6zvar, U\u015fak \u00dcniversitesi stand\u0131n\u0131 ziyaret ederek Rekt\u00f6r Prof. Dr. Ekrem Sava\u015f\u2019tan projeleri hakk\u0131nda bilgi ald\u0131.<\/p>\n<p>Sanayi ve Teknoloji Bakanl\u0131\u011f\u0131 ile T\u00fcrkiye Teknoloji Tak\u0131m\u0131 Vakf\u0131 (T3 Vakf\u0131) y\u00fcr\u00fct\u00fcc\u00fcl\u00fc\u011f\u00fcnde d\u00fczenlenen TEKNOFEST 2025, 58 ana kategori ve 138 alt kategoride ger\u00e7ekle\u015ftirilen yar\u0131\u015fmalarla bilim ve teknolojinin en heyecan verici \u00f6rneklerini sergiledi. U\u015fak \u00dcniversitesi Teknoloji Transfer Ofisi Yetkilileri (TTO), \u00f6\u011frenci topluluklar\u0131 ile birlikte ziyaret\u00e7ilere e\u011fitimden sa\u011fl\u0131\u011fa, ileti\u015fimden biyoteknolojiye kadar geni\u015f bir yelpazede bilgi ve deneyim aktard\u0131.<\/p>\n<p>Hayal G\u00fcc\u00fcn\u00fcz\u00fc Ger\u00e7e\u011fe D\u00f6n\u00fc\u015ft\u00fcr\u00fcn<br \/>\n<br \/>U\u015fak \u00dcniversitesi Rekt\u00f6r\u00fc Prof. Dr. Ekrem Sava\u015f, \u00f6\u011frencilere en \u00f6nemli \u00f6\u011f\u00fcd\u00fcn\u00fcn &#8220;\u0130cat \u00e7\u0131kar\u0131n&#8221; oldu\u011funu belirterek &#8220;T\u00fcrkiye\u2019nin ilk ve tek havac\u0131l\u0131k, uzay ve teknoloji festivali olan TEKNOFEST, gen\u00e7lerimiz i\u00e7in b\u00fcy\u00fck bir f\u0131rsat. Bu sayede gen\u00e7ler hayal g\u00fc\u00e7lerini ger\u00e7e\u011fe d\u00f6n\u00fc\u015ft\u00fcrme imk\u00e2n\u0131 buluyorlar. \u00dcniversite olarak biz de bu vizyona katk\u0131 sa\u011flamak ad\u0131na burada yer al\u0131yoruz.&#8221; dedi.<\/p>\n<p>\u00dcniversitenin akademik ve bilimsel birikimini ulusal ve uluslararas\u0131 platformlarda payla\u015fmay\u0131 \u00f6nemsediklerini belirten Rekt\u00f6r Sava\u015f, &#8220;Ge\u00e7ti\u011fimiz haftalarda \u00f6nce EAIE 2025 Uluslararas\u0131 E\u011fitim Fuar\u0131\u2019nda, ard\u0131ndan da ZUCHEX 2025-35. Uluslararas\u0131 Ev ve Mutfak E\u015fyalar\u0131 Fuar\u0131\u2019nda \u00fcniversitemizi ve \u00e7al\u0131\u015fmalar\u0131m\u0131z\u0131 tan\u0131tt\u0131k. \u015eimdi ise TEKNOFEST\u2019te, \u00fclkemizin gelece\u011fi olan gen\u00e7lerimizle bir araday\u0131z. Onlara ilham vermek, yenilik\u00e7i projeler geli\u015ftirmeleri i\u00e7in destek olmak bizler i\u00e7in b\u00fcy\u00fck bir gurur.&#8221; Diye konu\u015ftu.<\/p>\n<p>Yapay zeka uygulamalar\u0131, sanal ger\u00e7eklik (VR) deneyimi, robotik kodlama at\u00f6lyeleri ve biyoteknolojik \u00fcr\u00fcn tan\u0131t\u0131mlar\u0131 gibi etkinlikler, U\u015fak \u00dcniversitesi stand\u0131nda yo\u011fun ilgi g\u00f6ren faaliyetler aras\u0131nda \u00f6ne \u00e7\u0131kt\u0131. Kat\u0131l\u0131mc\u0131lara hem \u00f6\u011fretici hem de e\u011flenceli bir deneyim sunan stant, festival boyunca binlerce ziyaret\u00e7iyi a\u011f\u0131rlad\u0131.<br \/>\n<br \/>Festival s\u00fcresince P03 numaral\u0131 stantta yer alan U\u015fak \u00dcniversitesi, bilim ve teknolojinin \u0131\u015f\u0131\u011f\u0131nda gelece\u011fin \u015fekillenmesine katk\u0131 sundu.<br \/><\/p>\n","protected":false},"excerpt":{"rendered":"<p>T\u00fcrkiye\u2019nin ilk ve tek havac\u0131l\u0131k, uzay ve teknoloji festivali olan TEKNOFEST 2025, bu y\u0131l 12\u2019nci kez milyonlarca teknoloji merakl\u0131s\u0131n\u0131 bir araya getirdi. Festivalde, U\u015fak \u00dcniversitesi Teknoloji Transfer Ofisi (TTO), Teknofest \u00d6\u011frenci Toplulu\u011fu ve Siber G\u00fcvenlik Toplulu\u011fu \u00f6\u011frencileri teknoloji ve bilim tutkunlar\u0131yla bir araya gelerek b\u00fcy\u00fck ilgi g\u00f6rd\u00fc. Y\u00fcksek\u00f6\u011fretim Kurulu (Y\u00d6K) Ba\u015fkan\u0131 Prof. Dr. Erol \u00d6zvar,&#8230;<\/p>\n","protected":false},"author":1,"featured_media":56383,"comment_status":"open","ping_status":"open","sticky":false,"template":"","format":"standard","meta":{"_crdt_document":"","footnotes":""},"categories":[124],"tags":[],"class_list":["post-56382","post","type-post","status-publish","format-standard","has-post-thumbnail","hentry","category-bilim"],"_links":{"self":[{"href":"https:\/\/www.egemtv.com\/index.php?rest_route=\/wp\/v2\/posts\/56382","targetHints":{"allow":["GET"]}}],"collection":[{"href":"https:\/\/www.egemtv.com\/index.php?rest_route=\/wp\/v2\/posts"}],"about":[{"href":"https:\/\/www.egemtv.com\/index.php?rest_route=\/wp\/v2\/types\/post"}],"author":[{"embeddable":true,"href":"https:\/\/www.egemtv.com\/index.php?rest_route=\/wp\/v2\/users\/1"}],"replies":[{"embeddable":true,"href":"https:\/\/www.egemtv.com\/index.php?rest_route=%2Fwp%2Fv2%2Fcomments&post=56382"}],"version-history":[{"count":1,"href":"https:\/\/www.egemtv.com\/index.php?rest_route=\/wp\/v2\/posts\/56382\/revisions"}],"predecessor-version":[{"id":56384,"href":"https:\/\/www.egemtv.com\/index.php?rest_route=\/wp\/v2\/posts\/56382\/revisions\/56384"}],"wp:featuredmedia":[{"embeddable":true,"href":"https:\/\/www.egemtv.com\/index.php?rest_route=\/wp\/v2\/media\/56383"}],"wp:attachment":[{"href":"https:\/\/www.egemtv.com\/index.php?rest_route=%2Fwp%2Fv2%2Fmedia&parent=56382"}],"wp:term":[{"taxonomy":"category","embeddable":true,"href":"https:\/\/www.egemtv.com\/index.php?rest_route=%2Fwp%2Fv2%2Fcategories&post=56382"},{"taxonomy":"post_tag","embeddable":true,"href":"https:\/\/www.egemtv.com\/index.php?rest_route=%2Fwp%2Fv2%2Ftags&post=56382"}],"curies":[{"name":"wp","href":"https:\/\/api.w.org\/{rel}","templated":true}]}}