{"id":56379,"date":"2025-09-22T09:54:58","date_gmt":"2025-09-22T06:54:58","guid":{"rendered":"https:\/\/www.egemtv.com\/?p=56379"},"modified":"2025-09-22T09:54:59","modified_gmt":"2025-09-22T06:54:59","slug":"aydinda-yurtlara-gelen-ogrenciler-halk-oyunlari-ile-karsilandi","status":"publish","type":"post","link":"https:\/\/www.egemtv.com\/?p=56379","title":{"rendered":"Ayd\u0131n\u2019da yurtlara gelen \u00f6\u011frenciler halk oyunlar\u0131 ile kar\u015f\u0131land\u0131"},"content":{"rendered":"<p>\u00dcniversiteli gen\u00e7lerin en \u00e7ok tercih etti\u011fi illerden olan Ayd\u0131n\u2019da, Gen\u00e7lik ve Spor \u0130l M\u00fcd\u00fcrl\u00fc\u011f\u00fc b\u00fcnyesindeki \u00f6\u011frenci yurtlar\u0131nda yeni d\u00f6nem heyecan\u0131 ba\u015flarken, yurtlara gelen \u00f6\u011frenciler ise halk oyunlar\u0131 e\u015fli\u011finde kar\u015f\u0131land\u0131.<\/p>\n<p>Y\u00fcksek\u00f6\u011fretim Kurumlar\u0131 S\u0131nav\u0131\u2019nda (YKS) sonu\u00e7lar\u0131n\u0131n a\u00e7\u0131klanmas\u0131n\u0131n ard\u0131ndan Ayd\u0131n\u2019\u0131 kazanan gen\u00e7ler i\u00e7in yeni e\u011fitim d\u00f6nemi bug\u00fcn ba\u015flarken, Ayd\u0131n Gen\u00e7lik ve Spor \u0130l M\u00fcd\u00fcrl\u00fc\u011f\u00fc b\u00fcnyesinde bulunan \u00f6\u011frenci yurtlar\u0131 da yeni \u00f6\u011frencilerini a\u011f\u0131rlamaya ba\u015flad\u0131. \u0130l genelinde  8 erkek ve 10 k\u0131z olmak \u00fczere toplam 18 \u00f6\u011frenci yurdunun bulundu\u011fu Ayd\u0131n\u2019da \u00f6\u011frenciler de bir bir yurtlar\u0131na yerle\u015firken, Ayd\u0131n Gen\u00e7lik ve Spor \u0130l M\u00fcd\u00fcrl\u00fc\u011f\u00fc koordinesinde yurtlara gelen \u00f6\u011frenciler i\u00e7in kar\u015f\u0131lama t\u00f6reni d\u00fczenlendi. Yeni e\u011fitim y\u0131l\u0131n\u0131n ba\u015flamas\u0131 ile birlikte \u00fcniversite \u00f6\u011frencileri, harmandal\u0131 ve Ayd\u0131n zeybe\u011fi  halk oyunlar\u0131 ile kar\u015f\u0131land\u0131.<\/p>\n<p>Ayd\u0131n Gen\u00e7lik ve Spor \u0130l M\u00fcd\u00fcrl\u00fc\u011f\u00fc taraf\u0131ndan yap\u0131lan a\u00e7\u0131klamada ise &#8220;Yeni e\u011fitim \u00f6\u011fretim y\u0131l\u0131na co\u015fkuyla ba\u015flad\u0131k. GSB yurtlar\u0131m\u0131za kay\u0131t yapt\u0131ran \u00f6\u011frencilerimizi halk oyunlar\u0131 ekibimiz e\u015fli\u011finde kar\u015f\u0131layarak yurt ailemize ho\u015f geldiniz dedik&#8221; ifadeleri yer ald\u0131.<\/p>\n<p>Ayr\u0131ca Ayd\u0131n\u2019da 2 bin 500 kapasiteli G\u00fczelhisar Yurdu, 2 bin 980 kapasiteli Berin Menderes Yurdu, bin 700 kapasiteli Adnan Menderes Yurdu ve bin 982 kapasiteli Ayd\u0131n Yurdu olmak \u00fczere merkez il\u00e7e Efeler\u2019de 6 bin 400 k\u0131z ve 2 bin 740 erkek olmak \u00fczere yakla\u015f\u0131k 9 bin 150 ki\u015fi kapasiteli \u00f6\u011frenci yurdu bulunuyor. \u0130l genelinde toplam 14 binin \u00fczerinde \u00f6\u011frenci kapasitesinin bulundu\u011fu Ayd\u0131n\u2019\u0131n S\u00f6ke, Ku\u015fadas\u0131, Ko\u00e7arl\u0131, Sultanhisar, Yenipazar, Nazilli ve Karacasu il\u00e7elerinde ise k\u0131z ve erkek olmak \u00fczere toplam 5 bin 500 \u00f6\u011frenci kapasitesi bulunuyor.<br \/><\/p>\n","protected":false},"excerpt":{"rendered":"<p>\u00dcniversiteli gen\u00e7lerin en \u00e7ok tercih etti\u011fi illerden olan Ayd\u0131n\u2019da, Gen\u00e7lik ve Spor \u0130l M\u00fcd\u00fcrl\u00fc\u011f\u00fc b\u00fcnyesindeki \u00f6\u011frenci yurtlar\u0131nda yeni d\u00f6nem heyecan\u0131 ba\u015flarken, yurtlara gelen \u00f6\u011frenciler ise halk oyunlar\u0131 e\u015fli\u011finde kar\u015f\u0131land\u0131. Y\u00fcksek\u00f6\u011fretim Kurumlar\u0131 S\u0131nav\u0131\u2019nda (YKS) sonu\u00e7lar\u0131n\u0131n a\u00e7\u0131klanmas\u0131n\u0131n ard\u0131ndan Ayd\u0131n\u2019\u0131 kazanan gen\u00e7ler i\u00e7in yeni e\u011fitim d\u00f6nemi bug\u00fcn ba\u015flarken, Ayd\u0131n Gen\u00e7lik ve Spor \u0130l M\u00fcd\u00fcrl\u00fc\u011f\u00fc b\u00fcnyesinde bulunan \u00f6\u011frenci yurtlar\u0131&#8230;<\/p>\n","protected":false},"author":1,"featured_media":56380,"comment_status":"open","ping_status":"open","sticky":false,"template":"","format":"standard","meta":{"_crdt_document":"","footnotes":""},"categories":[1],"tags":[],"class_list":["post-56379","post","type-post","status-publish","format-standard","has-post-thumbnail","hentry","category-guncel"],"_links":{"self":[{"href":"https:\/\/www.egemtv.com\/index.php?rest_route=\/wp\/v2\/posts\/56379","targetHints":{"allow":["GET"]}}],"collection":[{"href":"https:\/\/www.egemtv.com\/index.php?rest_route=\/wp\/v2\/posts"}],"about":[{"href":"https:\/\/www.egemtv.com\/index.php?rest_route=\/wp\/v2\/types\/post"}],"author":[{"embeddable":true,"href":"https:\/\/www.egemtv.com\/index.php?rest_route=\/wp\/v2\/users\/1"}],"replies":[{"embeddable":true,"href":"https:\/\/www.egemtv.com\/index.php?rest_route=%2Fwp%2Fv2%2Fcomments&post=56379"}],"version-history":[{"count":1,"href":"https:\/\/www.egemtv.com\/index.php?rest_route=\/wp\/v2\/posts\/56379\/revisions"}],"predecessor-version":[{"id":56381,"href":"https:\/\/www.egemtv.com\/index.php?rest_route=\/wp\/v2\/posts\/56379\/revisions\/56381"}],"wp:featuredmedia":[{"embeddable":true,"href":"https:\/\/www.egemtv.com\/index.php?rest_route=\/wp\/v2\/media\/56380"}],"wp:attachment":[{"href":"https:\/\/www.egemtv.com\/index.php?rest_route=%2Fwp%2Fv2%2Fmedia&parent=56379"}],"wp:term":[{"taxonomy":"category","embeddable":true,"href":"https:\/\/www.egemtv.com\/index.php?rest_route=%2Fwp%2Fv2%2Fcategories&post=56379"},{"taxonomy":"post_tag","embeddable":true,"href":"https:\/\/www.egemtv.com\/index.php?rest_route=%2Fwp%2Fv2%2Ftags&post=56379"}],"curies":[{"name":"wp","href":"https:\/\/api.w.org\/{rel}","templated":true}]}}