{"id":56376,"date":"2025-09-22T09:15:15","date_gmt":"2025-09-22T06:15:15","guid":{"rendered":"https:\/\/www.egemtv.com\/?p=56376"},"modified":"2025-09-22T09:15:15","modified_gmt":"2025-09-22T06:15:15","slug":"sbu-izmir-tip-fakultesi-pediatri-kongresi-tamamlandi","status":"publish","type":"post","link":"https:\/\/www.egemtv.com\/?p=56376","title":{"rendered":"SB\u00dc \u0130zmir T\u0131p Fak\u00fcltesi Pediatri Kongresi tamamland\u0131"},"content":{"rendered":"<p>\u0130zmir Dr. Beh\u00e7et Uz \u00c7ocuk Hastal\u0131klar\u0131 Hastanesi ev sahipli\u011finde ger\u00e7ekle\u015ftirilen ve kat\u0131l\u0131mc\u0131lar\u0131n yo\u011fun ilgi g\u00f6sterdi\u011fi SB\u00dc \u0130zmir T\u0131p Fak\u00fcltesi Pediatri Kongresi tamamland\u0131.<br \/>\n<br \/>Dr. Beh\u00e7et Uz \u00c7ocuk Hastal\u0131klar\u0131 Hastanesi ev sahipli\u011finde d\u00fczenlenen SB\u00dc \u0130zmir T\u0131p Fak\u00fcltesi Pediatri Kongresi, bu y\u0131l &#8220;\u00c7ocuk Sa\u011fl\u0131\u011f\u0131nda \u0130\u015f Birli\u011fi: Pediatristler ve Aile Hekimleri Bulu\u015fuyor&#8221; temas\u0131yla d\u00fczenlendi. Kongreye \u00e7ok say\u0131da akademisyen, pediatri uzman\u0131, aile hekimi ve sa\u011fl\u0131k profesyoneli kat\u0131l\u0131rken program kapsam\u0131nda \u00e7ocuk sa\u011fl\u0131\u011f\u0131 izlemi, g\u00fcncel tedavi y\u00f6ntemleri, koruyucu sa\u011fl\u0131k hizmetleri ve teknolojik geli\u015fmelerin pediatriye yans\u0131malar\u0131 gibi bir\u00e7ok ba\u015fl\u0131k ele al\u0131nd\u0131.<br \/>\n<br \/>Programda, uydu sempozyumlar\u0131, ak\u0131lc\u0131 ila\u00e7, romatoloji oturumu, uzman at\u0131\u015fmas\u0131, hematoloji ve onkoloji oturumu, uzmana dan\u0131\u015fal\u0131m, olgu sunumlar\u0131 ile aile hekimli\u011fi ve genel pediatri ortak oturumu ile \u00e7ocuk n\u00f6roloji oturumu ger\u00e7ekle\u015ftirildi. Bilimsel oturumlar, paneller ve interaktif etkinliklerle zenginle\u015fen kongrede, hem klinik prati\u011fe y\u00f6nelik g\u00fcncel bilgiler payla\u015f\u0131ld\u0131 hem de farkl\u0131 uzmanl\u0131k alanlar\u0131nda tart\u0131\u015fmalar yap\u0131ld\u0131.<br \/>\n<br \/>Kongrenin kapan\u0131\u015f\u0131nda konu\u015fan Kongre Ba\u015fkan\u0131 ve Dr. Beh\u00e7et Uz \u00c7ocuk Hastal\u0131klar\u0131 Hastanesi Ba\u015fhekimi Do\u00e7. Dr. Dilek Orbatu, kongrenin, \u00e7ocuk sa\u011fl\u0131\u011f\u0131nda daha g\u00fc\u00e7l\u00fc bir i\u015f birli\u011fi ortam\u0131 olu\u015fturmas\u0131n\u0131 beklediklerini vurgulad\u0131.<br \/>\n<br \/>Orbatu t\u00fcm kat\u0131l\u0131mc\u0131, konu\u015fmac\u0131 ve destek\u00e7ilere te\u015fekk\u00fcr etti\u011fi a\u00e7\u0131klamas\u0131nda \u015fu ifadelere yer verdi: &#8220;SB\u00dc \u0130zmir T\u0131p Fak\u00fcltesi Pediatri Kongresi, pediatristler ve aile hekimleri aras\u0131ndaki i\u015f birli\u011fini g\u00fc\u00e7lendiren, bilgi payla\u015f\u0131m\u0131n\u0131 ve mesleki geli\u015fimi destekleyen \u00f6nemli bir platform olmu\u015ftur. \u00c7ocuk sa\u011fl\u0131\u011f\u0131 alan\u0131nda yeni ufuklar a\u00e7mak ve daha sa\u011fl\u0131kl\u0131 nesiller yeti\u015fmesine katk\u0131 sa\u011flamak amac\u0131yla bu t\u00fcr bilimsel toplant\u0131lar\u0131n \u00f6nemi b\u00fcy\u00fckt\u00fcr.&#8221;<br \/>\n<br \/>Kat\u0131l\u0131mc\u0131lar\u0131n yo\u011fun ilgi g\u00f6sterdi\u011fi oturumlarda g\u00fcncel bilimsel geli\u015fmeler tart\u0131\u015f\u0131l\u0131rken, s\u00f6zl\u00fc bildiri \u00f6d\u00fclleri de sahiplerini buldu.<br \/><\/p>\n","protected":false},"excerpt":{"rendered":"<p>\u0130zmir Dr. Beh\u00e7et Uz \u00c7ocuk Hastal\u0131klar\u0131 Hastanesi ev sahipli\u011finde ger\u00e7ekle\u015ftirilen ve kat\u0131l\u0131mc\u0131lar\u0131n yo\u011fun ilgi g\u00f6sterdi\u011fi SB\u00dc \u0130zmir T\u0131p Fak\u00fcltesi Pediatri Kongresi tamamland\u0131. Dr. Beh\u00e7et Uz \u00c7ocuk Hastal\u0131klar\u0131 Hastanesi ev sahipli\u011finde d\u00fczenlenen SB\u00dc \u0130zmir T\u0131p Fak\u00fcltesi Pediatri Kongresi, bu y\u0131l &#8220;\u00c7ocuk Sa\u011fl\u0131\u011f\u0131nda \u0130\u015f Birli\u011fi: Pediatristler ve Aile Hekimleri Bulu\u015fuyor&#8221; temas\u0131yla d\u00fczenlendi. Kongreye \u00e7ok say\u0131da akademisyen, pediatri&#8230;<\/p>\n","protected":false},"author":1,"featured_media":56377,"comment_status":"open","ping_status":"open","sticky":false,"template":"","format":"standard","meta":{"_crdt_document":"","footnotes":""},"categories":[2],"tags":[],"class_list":["post-56376","post","type-post","status-publish","format-standard","has-post-thumbnail","hentry","category-saglik"],"_links":{"self":[{"href":"https:\/\/www.egemtv.com\/index.php?rest_route=\/wp\/v2\/posts\/56376","targetHints":{"allow":["GET"]}}],"collection":[{"href":"https:\/\/www.egemtv.com\/index.php?rest_route=\/wp\/v2\/posts"}],"about":[{"href":"https:\/\/www.egemtv.com\/index.php?rest_route=\/wp\/v2\/types\/post"}],"author":[{"embeddable":true,"href":"https:\/\/www.egemtv.com\/index.php?rest_route=\/wp\/v2\/users\/1"}],"replies":[{"embeddable":true,"href":"https:\/\/www.egemtv.com\/index.php?rest_route=%2Fwp%2Fv2%2Fcomments&post=56376"}],"version-history":[{"count":1,"href":"https:\/\/www.egemtv.com\/index.php?rest_route=\/wp\/v2\/posts\/56376\/revisions"}],"predecessor-version":[{"id":56378,"href":"https:\/\/www.egemtv.com\/index.php?rest_route=\/wp\/v2\/posts\/56376\/revisions\/56378"}],"wp:featuredmedia":[{"embeddable":true,"href":"https:\/\/www.egemtv.com\/index.php?rest_route=\/wp\/v2\/media\/56377"}],"wp:attachment":[{"href":"https:\/\/www.egemtv.com\/index.php?rest_route=%2Fwp%2Fv2%2Fmedia&parent=56376"}],"wp:term":[{"taxonomy":"category","embeddable":true,"href":"https:\/\/www.egemtv.com\/index.php?rest_route=%2Fwp%2Fv2%2Fcategories&post=56376"},{"taxonomy":"post_tag","embeddable":true,"href":"https:\/\/www.egemtv.com\/index.php?rest_route=%2Fwp%2Fv2%2Ftags&post=56376"}],"curies":[{"name":"wp","href":"https:\/\/api.w.org\/{rel}","templated":true}]}}