{"id":56373,"date":"2025-09-22T09:15:14","date_gmt":"2025-09-22T06:15:14","guid":{"rendered":"https:\/\/www.egemtv.com\/?p=56373"},"modified":"2025-09-22T09:15:15","modified_gmt":"2025-09-22T06:15:15","slug":"turk-jeotermal-sektoru-alman-yatirimcilarin-odaginda","status":"publish","type":"post","link":"https:\/\/www.egemtv.com\/?p=56373","title":{"rendered":"T\u00fcrk jeotermal sekt\u00f6r\u00fc Alman yat\u0131r\u0131mc\u0131lar\u0131n oda\u011f\u0131nda"},"content":{"rendered":"<p>T\u00fcrkiye\u2019nin en \u00f6nemli ticaret partneri olan Almanya ile jeotermal enerji oda\u011f\u0131nda i\u015fbirli\u011fi olanaklar\u0131n\u0131n geli\u015ftirilmesi amac\u0131yla T\u00fcrkiye\u2019yi ziyaret eden Alman i\u015f insanlar\u0131, Jeotermal Enerji Derne\u011fi (JED) taraf\u0131ndan Ayd\u0131n\u2019da misafir edildi.<br \/>\n<br \/>Enerji ve Tabii Kaynaklar Bakanl\u0131\u011f\u0131, Almanya Enerji Ajans\u0131 (DENA) ve Alman-T\u00fcrk Ticaret ve Sanayi Odas\u0131 (AHK) organizasyonu ile T\u00fcrkiye\u2019ye gelen heyet, ilk olarak Menderes Geothermal Elektrik \u00dcretim A\u015e b\u00fcnyesinde Ayd\u0131n\u2019da faaliyet g\u00f6steren T\u00fcrkiye\u2019nin ilk \u00f6zel sekt\u00f6r jeotermal enerji santralini ziyaret etti. Menderes Geothermal Genel M\u00fcd\u00fcr\u00fc ve JED Y\u00f6netim Kurulu Ba\u015fkan Yard\u0131mc\u0131s\u0131 Dr. Kutlu \u00c7ak\u0131r taraf\u0131ndan misafir edilen heyete; santralin \u00e7al\u0131\u015fma esaslar\u0131, reenjeksiyon ve \u00e7evre standartlar\u0131 hakk\u0131nda detayl\u0131 bilgi verildi.<br \/>\n<br \/>T\u00fcrkiye\u2019nin en b\u00fcy\u00fck \u00f6l\u00e7ekli jeotermal \u0131s\u0131tmal\u0131 sera projesi olarak K\u00f6\u015fk il\u00e7esinde 80 d\u00f6n\u00fcm alanda \u00fcretim yapan Sultan Sera\u2019y\u0131 da ziyaret eden Alman i\u015f insanlar\u0131, d\u00fczenlenen sekt\u00f6rel toplant\u0131da T\u00fcrk jeotermal enerji sekt\u00f6r\u00fcnde faaliyet g\u00f6steren firma temsilcileri ile bir araya geldi.<br \/>\n<br \/>Toplant\u0131da Alman ziyaret\u00e7ilere seslenen JED Y\u00f6netim Kurulu Ba\u015fkan\u0131 Ali K\u0131ndap, T\u00fcrkiye\u2019nin jeotermal kaynakl\u0131 elektrik enerjisi kurulu g\u00fcc\u00fcn\u00fcn 1735 Megavat (MW) seviyesinde oldu\u011funu vurgularken, potansiyelin \u00e7ok alt\u0131nda kalan bu \u00fcretimle dahi d\u00fcnyada d\u00f6rd\u00fcnc\u00fc, Avrupa\u2019da ise lider konumda olduklar\u0131n\u0131 belirtti.<br \/>\n<br \/>T\u00fcrkiye\u2019de enerji \u00fcretimi, jeotermal serac\u0131l\u0131k, termal turizm, konut \u0131s\u0131tmas\u0131, sebze meyve kurutma gibi entegre kullan\u0131m alanlar\u0131 ile birlikte 7 bin MW seviyesinde jeotermal kullan\u0131m oldu\u011funu kaydeden K\u0131ndap, bu seviyenin \u00fclkedeki ke\u015ffedilmi\u015f potansiyelin sadece y\u00fczde 11\u2019ine kar\u015f\u0131l\u0131k geldi\u011fi bilgisini verdi.<\/p>\n<p>&#8220;Enerjimizi payla\u015fmaya haz\u0131r\u0131z&#8221;<br \/>\n<br \/>T\u00fcrkiye\u2019nin jeotermal enerjinin ke\u015fif, sondaj, in\u015faat, devreye alma ve i\u015fletme a\u015famalar\u0131nda \u00e7ok tecr\u00fcbeli \u015firketlere ve kadrolara sahip oldu\u011funa dikkat \u00e7eken Ali K\u0131ndap, Almanya ile bu alanda her t\u00fcrl\u00fc tecr\u00fcbe, bilgi ve teknoloji payla\u015f\u0131m\u0131 yapmaya ve ortak yat\u0131r\u0131m tekliflerine a\u00e7\u0131k olduklar\u0131n\u0131 s\u00f6zlerine ekledi.<br \/>\n<br \/>JED Y\u00f6netim Kurulu Ba\u015fkan\u0131 Ali K\u0131ndap, s\u00f6zlerini \u015f\u00f6yle s\u00fcrd\u00fcrd\u00fc:<br \/>\n<br \/>&#8220;T\u00fcrkiye ve Anadolu co\u011frafyas\u0131, d\u00fcnyan\u0131n en zengin jeotermal kaynaklar\u0131n\u0131 bar\u0131nd\u0131r\u0131yor. Bu durum y\u00fczy\u0131llard\u0131r bu \u015fekilde. T\u00fcrk jeotermal sekt\u00f6r\u00fc olarak potansiyelimizin \u00e7ok az\u0131n\u0131 kullanabildi\u011fimizi, \u00f6n\u00fcm\u00fczde al\u0131nacak \u00e7ok yolun oldu\u011funu biliyoruz. Bu a\u00e7\u0131dan bakt\u0131\u011f\u0131m\u0131zda bilgimizi, insan kayna\u011f\u0131m\u0131z\u0131 ve t\u00fckenmeyen enerjimizi yat\u0131r\u0131mc\u0131larla payla\u015fmaya haz\u0131r\u0131z. T\u00fcrk jeotermal sekt\u00f6r\u00fc bu noktada \u00e7ok ba\u015far\u0131l\u0131 yabanc\u0131 sermayeli yat\u0131r\u0131mc\u0131lara da ev sahipli\u011fi yap\u0131yor. Alman i\u015f insanlar \u00fclkemizin jeotermal enerji potansiyeli ile elektrik \u00fcretimi, konut \u0131s\u0131tmac\u0131l\u0131\u011f\u0131, jeotermal serac\u0131l\u0131k ve turizm alan\u0131ndaki uygulama \u00f6rneklerine ve modern tesislerimize hayran kald\u0131lar. \u00dclkemiz jeotermal serac\u0131l\u0131k uygulamalar\u0131nda son y\u0131llarda t\u00fcm d\u00fcnyan\u0131n dikkatini \u00e7eken bir ba\u015far\u0131n\u0131n sahibi. 150 bin d\u00f6n\u00fcm jeotermal \u0131s\u0131tmal\u0131 sera potansiyeline sahip olan \u00fclkemiz, bug\u00fcn itibar\u0131yla 7 bin d\u00f6n\u00fcm jeotermal \u0131s\u0131tmal\u0131 seraya sahip. Potansiyelimizin y\u00fczde 5\u2019ini bile bulmayan bu kapasitemiz ile d\u00fcnyada 7\u2019nci, Avrupa\u2019da ise 1\u2019nci s\u0131rada yer al\u0131yoruz. Kurumsal \u00dcyemiz Menderes Geothermal \u015firketinin Sultan Sera yat\u0131r\u0131m\u0131n\u0131n, sadece \u00fclkemizin de\u011fil d\u00fcnyan\u0131n en \u00f6zg\u00fcn jeotermal sera yat\u0131r\u0131mlar\u0131 aras\u0131nda yer almas\u0131ndan gurur duymaktay\u0131z.&#8221;<\/p>\n<p>Al\u0131m garantisi 15 y\u0131l<br \/>\n<br \/>Toplant\u0131da JED Y\u00f6netim Kurulu \u00dcyesi ve Ignis Enerji \u0130\u015f Geli\u015ftirme Direkt\u00f6r\u00fc Cannur Bozkurt da T\u00fcrkiye\u2019nin t\u00fcm jeotermal kaynaklar\u0131n\u0131n mevcut durumu hakk\u0131nda bir konu\u015fma yapt\u0131. Yenilenebilir Enerji Kaynaklar\u0131 Destekleme Mekanizmas\u0131\u2019nda (YEKDEM) 2023 y\u0131l\u0131nda yap\u0131lan de\u011fi\u015fiklik ile jeotermal santrallerde \u00fcretilen elektri\u011fin al\u0131m garantisi s\u00fcresinin 10 y\u0131ldan 15 y\u0131la \u00e7\u0131kar\u0131ld\u0131\u011f\u0131na i\u015faret eden Bozkurt, son y\u0131llarda say\u0131lar\u0131 h\u0131zla artan Organize Tar\u0131m B\u00f6lgeleri\u2019nin (OTB) jeotermal enerji ile entegre olmas\u0131yla T\u00fcrkiye\u2019nin jeotermal serac\u0131l\u0131k alan\u0131nda da d\u00fcnyan\u0131n say\u0131l\u0131 \u00fclkeleri aras\u0131nda yer ald\u0131\u011f\u0131n\u0131n alt\u0131n\u0131 \u00e7izdi.<br \/><\/p>\n","protected":false},"excerpt":{"rendered":"<p>T\u00fcrkiye\u2019nin en \u00f6nemli ticaret partneri olan Almanya ile jeotermal enerji oda\u011f\u0131nda i\u015fbirli\u011fi olanaklar\u0131n\u0131n geli\u015ftirilmesi amac\u0131yla T\u00fcrkiye\u2019yi ziyaret eden Alman i\u015f insanlar\u0131, Jeotermal Enerji Derne\u011fi (JED) taraf\u0131ndan Ayd\u0131n\u2019da misafir edildi. Enerji ve Tabii Kaynaklar Bakanl\u0131\u011f\u0131, Almanya Enerji Ajans\u0131 (DENA) ve Alman-T\u00fcrk Ticaret ve Sanayi Odas\u0131 (AHK) organizasyonu ile T\u00fcrkiye\u2019ye gelen heyet, ilk olarak Menderes Geothermal Elektrik&#8230;<\/p>\n","protected":false},"author":1,"featured_media":56374,"comment_status":"open","ping_status":"open","sticky":false,"template":"","format":"standard","meta":{"_crdt_document":"","footnotes":""},"categories":[125],"tags":[],"class_list":["post-56373","post","type-post","status-publish","format-standard","has-post-thumbnail","hentry","category-ekonomi"],"_links":{"self":[{"href":"https:\/\/www.egemtv.com\/index.php?rest_route=\/wp\/v2\/posts\/56373","targetHints":{"allow":["GET"]}}],"collection":[{"href":"https:\/\/www.egemtv.com\/index.php?rest_route=\/wp\/v2\/posts"}],"about":[{"href":"https:\/\/www.egemtv.com\/index.php?rest_route=\/wp\/v2\/types\/post"}],"author":[{"embeddable":true,"href":"https:\/\/www.egemtv.com\/index.php?rest_route=\/wp\/v2\/users\/1"}],"replies":[{"embeddable":true,"href":"https:\/\/www.egemtv.com\/index.php?rest_route=%2Fwp%2Fv2%2Fcomments&post=56373"}],"version-history":[{"count":1,"href":"https:\/\/www.egemtv.com\/index.php?rest_route=\/wp\/v2\/posts\/56373\/revisions"}],"predecessor-version":[{"id":56375,"href":"https:\/\/www.egemtv.com\/index.php?rest_route=\/wp\/v2\/posts\/56373\/revisions\/56375"}],"wp:featuredmedia":[{"embeddable":true,"href":"https:\/\/www.egemtv.com\/index.php?rest_route=\/wp\/v2\/media\/56374"}],"wp:attachment":[{"href":"https:\/\/www.egemtv.com\/index.php?rest_route=%2Fwp%2Fv2%2Fmedia&parent=56373"}],"wp:term":[{"taxonomy":"category","embeddable":true,"href":"https:\/\/www.egemtv.com\/index.php?rest_route=%2Fwp%2Fv2%2Fcategories&post=56373"},{"taxonomy":"post_tag","embeddable":true,"href":"https:\/\/www.egemtv.com\/index.php?rest_route=%2Fwp%2Fv2%2Ftags&post=56373"}],"curies":[{"name":"wp","href":"https:\/\/api.w.org\/{rel}","templated":true}]}}