{"id":56370,"date":"2025-09-22T08:55:31","date_gmt":"2025-09-22T05:55:31","guid":{"rendered":"https:\/\/www.egemtv.com\/?p=56370"},"modified":"2025-09-22T08:55:32","modified_gmt":"2025-09-22T05:55:32","slug":"kusadasinda-sumud-filosuna-destek-etkinligi-yapildi","status":"publish","type":"post","link":"https:\/\/www.egemtv.com\/?p=56370","title":{"rendered":"Ku\u015fadas\u0131\u2019nda \u2018Sumud Filosu\u2019na\u2019 destek etkinli\u011fi yap\u0131ld\u0131"},"content":{"rendered":"<p>Ku\u015fadas\u0131 il\u00e7esinde, Filistin Platformu \u00fcyeleri Gazze\u2019ye insani yard\u0131m ula\u015ft\u0131rmay\u0131 hedefleyen K\u00fcresel Sumud Filosu\u2019na destek i\u00e7in bir araya geldi. Ku\u015fadas\u0131 Filistin Platformu ad\u0131na a\u00e7\u0131klama yapan Burak Kaplan, &#8220;Gazze\u2019de 70 binden fazla insan hayat\u0131n\u0131 kaybetti. Yakla\u015f\u0131k 2 milyon ki\u015fi de yerinden edildi. Sumud Filosu, bir vicdan seferdir&#8221; dedi.<\/p>\n<p>Ku\u015fadas\u0131 Filistin Platformu, Filistin\u2019e yard\u0131m g\u00f6t\u00fcren k\u00fcresel Sumud filosuna destek olmak amac\u0131yla \u0130smail Cem Dostluk ve Bar\u0131\u015f Meydan\u0131\u2019nda etkinlik d\u00fczenledi. \u00c7e\u015fitli sivil toplum kurulu\u015flar\u0131yla i\u015f birli\u011fi i\u00e7erisinde ger\u00e7ekle\u015ftirilen etkinli\u011fe kat\u0131lanlar ellerinde, \u2018Filistin yaln\u0131z de\u011fildir\u2019, \u2018Soyk\u0131r\u0131m bitsin\u2019 ve \u2018Nefes almak yetmiyor ya\u015famak i\u00e7in\u2019 yaz\u0131l\u0131 pankartlar ve d\u00f6vizler ta\u015f\u0131d\u0131. Kalabal\u0131\u011fa, denize a\u00e7\u0131lan bal\u0131k\u00e7\u0131 tekneleri ve yat sahipleri de destek verdi. Etkinlikte meydana kurulan ekrandan, Sumud Filosu\u2019na canl\u0131 ba\u011flant\u0131 yap\u0131ld\u0131. Etkinli\u011fin sonunda \u00e7ocuklar Filistin bayrakl\u0131 kendi yapt\u0131klar\u0131 oyuncak tekneleri suya b\u0131rakt\u0131.<\/p>\n<p>Ku\u015fadas\u0131 Filistin Platformu ad\u0131na a\u00e7\u0131klama yapan Burak Kaplan, &#8220;Gazze\u2019de 70 binden fazla insan hayat\u0131n\u0131 kaybetti. Yakla\u015f\u0131k 2 milyon ki\u015fi de yerinden edildi. Sumud Filosu, bir vicdan seferdir. \u00c7a\u011fr\u0131m\u0131z \u015fudur, derhal ate\u015fkes sa\u011flanmal\u0131, soyk\u0131r\u0131m durdurulmal\u0131d\u0131r. Engelsiz, g\u00fcvenli ve s\u00fcrekli insani yard\u0131m koridoru sa\u011flanmal\u0131d\u0131r. Uluslararas\u0131 hukuk i\u015fletilmeli, sava\u015f su\u00e7lar\u0131 soru\u015fturulup yarg\u0131lanmal\u0131d\u0131r. T\u00fcrkiye ve t\u00fcm \u00fclkeler diplomatik bask\u0131y\u0131 art\u0131rmal\u0131, \u0130srail ordusunda g\u00f6rev yapan katilleri \u00fclkelerine almamal\u0131 ve insani yard\u0131m seferberli\u011fi ba\u015flatmal\u0131d\u0131r. Halklar aya\u011fa kalkmal\u0131, boykotlar, n\u00f6betler, kampanyalar ve kal\u0131c\u0131 dayan\u0131\u015fma sa\u011flanmal\u0131d\u0131r&#8221; diye konu\u015ftu.<br \/><\/p>\n","protected":false},"excerpt":{"rendered":"<p>Ku\u015fadas\u0131 il\u00e7esinde, Filistin Platformu \u00fcyeleri Gazze\u2019ye insani yard\u0131m ula\u015ft\u0131rmay\u0131 hedefleyen K\u00fcresel Sumud Filosu\u2019na destek i\u00e7in bir araya geldi. Ku\u015fadas\u0131 Filistin Platformu ad\u0131na a\u00e7\u0131klama yapan Burak Kaplan, &#8220;Gazze\u2019de 70 binden fazla insan hayat\u0131n\u0131 kaybetti. Yakla\u015f\u0131k 2 milyon ki\u015fi de yerinden edildi. Sumud Filosu, bir vicdan seferdir&#8221; dedi. Ku\u015fadas\u0131 Filistin Platformu, Filistin\u2019e yard\u0131m g\u00f6t\u00fcren k\u00fcresel Sumud filosuna&#8230;<\/p>\n","protected":false},"author":1,"featured_media":56371,"comment_status":"open","ping_status":"open","sticky":false,"template":"","format":"standard","meta":{"_crdt_document":"","footnotes":""},"categories":[1],"tags":[],"class_list":["post-56370","post","type-post","status-publish","format-standard","has-post-thumbnail","hentry","category-guncel"],"_links":{"self":[{"href":"https:\/\/www.egemtv.com\/index.php?rest_route=\/wp\/v2\/posts\/56370","targetHints":{"allow":["GET"]}}],"collection":[{"href":"https:\/\/www.egemtv.com\/index.php?rest_route=\/wp\/v2\/posts"}],"about":[{"href":"https:\/\/www.egemtv.com\/index.php?rest_route=\/wp\/v2\/types\/post"}],"author":[{"embeddable":true,"href":"https:\/\/www.egemtv.com\/index.php?rest_route=\/wp\/v2\/users\/1"}],"replies":[{"embeddable":true,"href":"https:\/\/www.egemtv.com\/index.php?rest_route=%2Fwp%2Fv2%2Fcomments&post=56370"}],"version-history":[{"count":1,"href":"https:\/\/www.egemtv.com\/index.php?rest_route=\/wp\/v2\/posts\/56370\/revisions"}],"predecessor-version":[{"id":56372,"href":"https:\/\/www.egemtv.com\/index.php?rest_route=\/wp\/v2\/posts\/56370\/revisions\/56372"}],"wp:featuredmedia":[{"embeddable":true,"href":"https:\/\/www.egemtv.com\/index.php?rest_route=\/wp\/v2\/media\/56371"}],"wp:attachment":[{"href":"https:\/\/www.egemtv.com\/index.php?rest_route=%2Fwp%2Fv2%2Fmedia&parent=56370"}],"wp:term":[{"taxonomy":"category","embeddable":true,"href":"https:\/\/www.egemtv.com\/index.php?rest_route=%2Fwp%2Fv2%2Fcategories&post=56370"},{"taxonomy":"post_tag","embeddable":true,"href":"https:\/\/www.egemtv.com\/index.php?rest_route=%2Fwp%2Fv2%2Ftags&post=56370"}],"curies":[{"name":"wp","href":"https:\/\/api.w.org\/{rel}","templated":true}]}}