{"id":56367,"date":"2025-09-22T04:34:33","date_gmt":"2025-09-22T01:34:33","guid":{"rendered":"https:\/\/www.egemtv.com\/?p=56367"},"modified":"2025-09-22T04:34:34","modified_gmt":"2025-09-22T01:34:34","slug":"usakta-tir-ile-otomobil-carpisti-1-olu-1-yarali","status":"publish","type":"post","link":"https:\/\/www.egemtv.com\/?p=56367","title":{"rendered":"U\u015fak\u2019ta t\u0131r ile otomobil \u00e7arp\u0131\u015ft\u0131: 1 \u00f6l\u00fc, 1 yaral\u0131"},"content":{"rendered":"<p>U\u015fak\u2019ta t\u0131r ile otomobilin \u00e7arp\u0131\u015fmas\u0131 sonucu 1 ki\u015fi hayat\u0131n\u0131 kaybederken, 1 ki\u015fi de a\u011f\u0131r yaraland\u0131.<br \/>\n<br \/>Kaza, U\u015fak-Afyonkarahisar kara yolu B\u00fcy\u00fckoturak kav\u015fa\u011f\u0131nda meydana geldi. Edinilen bilgiye g\u00f6re, E.\u0130. (35) idaresindeki 45 FN 700 plakal\u0131 t\u0131r ile Y.\u00c7. (52) y\u00f6netimindeki 35 FJ 374 plakal\u0131 otomobil \u00e7arp\u0131\u015ft\u0131.<br \/>\n<br \/>\u00c7evredeki vatanda\u015flar\u0131n durumu 112 Acil \u00c7a\u011fr\u0131 Merkezi\u2019ne bildirmesi \u00fczerine b\u00f6lgeye 112 sa\u011fl\u0131k, polis ve jandarma ekipleri sevk edildi. Olay yerine gelen 112 Sa\u011fl\u0131k ekipleri otomobilde yolcu olarak bulunan Ahmet K\u2019n\u0131n  (56) hayat\u0131n\u0131 kaybetti\u011fi belirledi. A\u011f\u0131r yaralanan otomobil s\u00fcr\u00fcc\u00fcs\u00fc Y.\u00c7. ise \u00f6nce Banaz Devlet Hastanesi\u2019ne, ard\u0131ndan U\u015fak E\u011fitim ve Ara\u015ft\u0131rma Hastanesi\u2019ne sevk edildi.<br \/>\n<br \/>\u0130ncelemelerin ard\u0131ndan Ahmet K.\u2019n\u0131n cenazesi Banaz Devlet Hastanesi morguna kald\u0131r\u0131ld\u0131.<br \/>\n<br \/>\u00d6te yandan, t\u0131r s\u00fcr\u00fcc\u00fcs\u00fc E.\u0130. ise jandarma ekiplerince g\u00f6zalt\u0131na al\u0131nd\u0131.<br \/><\/p>\n","protected":false},"excerpt":{"rendered":"<p>U\u015fak\u2019ta t\u0131r ile otomobilin \u00e7arp\u0131\u015fmas\u0131 sonucu 1 ki\u015fi hayat\u0131n\u0131 kaybederken, 1 ki\u015fi de a\u011f\u0131r yaraland\u0131. Kaza, U\u015fak-Afyonkarahisar kara yolu B\u00fcy\u00fckoturak kav\u015fa\u011f\u0131nda meydana geldi. Edinilen bilgiye g\u00f6re, E.\u0130. (35) idaresindeki 45 FN 700 plakal\u0131 t\u0131r ile Y.\u00c7. (52) y\u00f6netimindeki 35 FJ 374 plakal\u0131 otomobil \u00e7arp\u0131\u015ft\u0131. \u00c7evredeki vatanda\u015flar\u0131n durumu 112 Acil \u00c7a\u011fr\u0131 Merkezi\u2019ne bildirmesi \u00fczerine b\u00f6lgeye 112&#8230;<\/p>\n","protected":false},"author":1,"featured_media":56368,"comment_status":"open","ping_status":"open","sticky":false,"template":"","format":"standard","meta":{"_crdt_document":"","footnotes":""},"categories":[5],"tags":[],"class_list":["post-56367","post","type-post","status-publish","format-standard","has-post-thumbnail","hentry","category-asayis"],"_links":{"self":[{"href":"https:\/\/www.egemtv.com\/index.php?rest_route=\/wp\/v2\/posts\/56367","targetHints":{"allow":["GET"]}}],"collection":[{"href":"https:\/\/www.egemtv.com\/index.php?rest_route=\/wp\/v2\/posts"}],"about":[{"href":"https:\/\/www.egemtv.com\/index.php?rest_route=\/wp\/v2\/types\/post"}],"author":[{"embeddable":true,"href":"https:\/\/www.egemtv.com\/index.php?rest_route=\/wp\/v2\/users\/1"}],"replies":[{"embeddable":true,"href":"https:\/\/www.egemtv.com\/index.php?rest_route=%2Fwp%2Fv2%2Fcomments&post=56367"}],"version-history":[{"count":1,"href":"https:\/\/www.egemtv.com\/index.php?rest_route=\/wp\/v2\/posts\/56367\/revisions"}],"predecessor-version":[{"id":56369,"href":"https:\/\/www.egemtv.com\/index.php?rest_route=\/wp\/v2\/posts\/56367\/revisions\/56369"}],"wp:featuredmedia":[{"embeddable":true,"href":"https:\/\/www.egemtv.com\/index.php?rest_route=\/wp\/v2\/media\/56368"}],"wp:attachment":[{"href":"https:\/\/www.egemtv.com\/index.php?rest_route=%2Fwp%2Fv2%2Fmedia&parent=56367"}],"wp:term":[{"taxonomy":"category","embeddable":true,"href":"https:\/\/www.egemtv.com\/index.php?rest_route=%2Fwp%2Fv2%2Fcategories&post=56367"},{"taxonomy":"post_tag","embeddable":true,"href":"https:\/\/www.egemtv.com\/index.php?rest_route=%2Fwp%2Fv2%2Ftags&post=56367"}],"curies":[{"name":"wp","href":"https:\/\/api.w.org\/{rel}","templated":true}]}}