{"id":56124,"date":"2025-09-20T09:54:54","date_gmt":"2025-09-20T06:54:54","guid":{"rendered":"https:\/\/www.egemtv.com\/?p=56124"},"modified":"2025-09-20T09:54:55","modified_gmt":"2025-09-20T06:54:55","slug":"prienenin-unesco-yolculugu-adim-adim-ilerliyor","status":"publish","type":"post","link":"https:\/\/www.egemtv.com\/?p=56124","title":{"rendered":"Priene\u2019nin UNESCO yolculu\u011fu ad\u0131m ad\u0131m ilerliyor"},"content":{"rendered":"<p>S\u00f6ke Belediyesi \u00f6nc\u00fcl\u00fc\u011f\u00fcnde Priene Antik Kenti\u2019nin UNESCO D\u00fcnya Miras\u0131 Kal\u0131c\u0131 Listesi\u2019ne girmesi i\u00e7in y\u00fcr\u00fct\u00fclen \u00e7al\u0131\u015fmalar, planland\u0131\u011f\u0131 \u015fekilde titizlikle devam ediyor. Bu kapsamda S\u00f6ke Belediyesi, Priene Antik Kenti Alan Ba\u015fkanl\u0131\u011f\u0131 ve Antik Kent Kaz\u0131 Ba\u015fkanl\u0131\u011f\u0131 i\u015f birli\u011fiyle d\u00fczenlenen payda\u015f bilgilendirme ve arama toplant\u0131lar\u0131 \u00fc\u00e7 g\u00fcn boyunca yo\u011fun kat\u0131l\u0131mla ger\u00e7ekle\u015ftirildi.<\/p>\n<p>\u0130lk g\u00fcn d\u00fczenlenen toplant\u0131ya il\u00e7ede faaliyet g\u00f6steren sivil toplum kurulu\u015flar\u0131 kat\u0131l\u0131m sa\u011flad\u0131. \u0130kinci g\u00fcn ise kamu kurum ve kurulu\u015flar\u0131n\u0131n temsilcileri bir araya geldi. Ayd\u0131n \u0130l K\u00fclt\u00fcr ve Turizm M\u00fcd\u00fcr\u00fc Havva Se\u00e7er Sa\u011f\u0131n\u00e7\u2019\u0131n yan\u0131 s\u0131ra Afrodisias ve Tralles Antik Kenti Kaz\u0131 Ba\u015fkanl\u0131\u011f\u0131, Ayd\u0131n M\u00fcze M\u00fcd\u00fcrl\u00fc\u011f\u00fc, Milet M\u00fcze M\u00fcd\u00fcrl\u00fc\u011f\u00fc, \u0130zmir R\u00f6l\u00f6ve ve An\u0131tlar M\u00fcd\u00fcrl\u00fc\u011f\u00fc, Ayd\u0131n K\u00fclt\u00fcr Varl\u0131klar\u0131n\u0131 Koruma Kurulu B\u00f6lge M\u00fcd\u00fcrl\u00fc\u011f\u00fc, KUDEP temsilcileri de toplant\u0131n\u0131n \u00f6nemli konuklar\u0131 aras\u0131nda yer ald\u0131. Ayr\u0131ca DS\u0130, Do\u011fal Hayat\u0131 Koruma ve Milli Parklar, \u0130l Milli E\u011fitim M\u00fcd\u00fcrl\u00fc\u011f\u00fc, Karayollar\u0131 B\u00f6lge M\u00fcd\u00fcrl\u00fc\u011f\u00fc, AFAD, Gen\u00e7lik ve Spor M\u00fcd\u00fcrl\u00fc\u011f\u00fc, Defterdarl\u0131k, Tar\u0131m ve Orman M\u00fcd\u00fcrl\u00fc\u011f\u00fc, S\u00f6ke Kaymakaml\u0131\u011f\u0131 ve Ayd\u0131n B\u00fcy\u00fck\u015fehir Belediyesi gibi bir\u00e7ok kurumun temsilcisi de s\u00fcrece katk\u0131 sundu. \u00dc\u00e7\u00fcnc\u00fc g\u00fcn ise akademik \u00e7evreler bir araya geldi. Priene Antik Kenti Kaz\u0131 Ba\u015fkanl\u0131\u011f\u0131\u2019nda g\u00f6revli Bursa Uluda\u011f \u00dcniversitesi akademisyenlerinin yan\u0131 s\u0131ra UNESCO T\u00fcrkiye Milli Komisyonu\u2019ndan \u00d6mer Devrim Aksovak, Hamburg \u00dcniversitesi\u2019nden Prof. Dr. Christof Berns, Adnan Menderes \u00dcniversitesi ve \u0130zmir Y\u00fcksek Teknoloji Enstit\u00fcs\u00fc\u2019nden akademisyenler de toplant\u0131lara kat\u0131larak g\u00f6r\u00fc\u015f ve \u00f6nerilerini payla\u015ft\u0131lar.<\/p>\n<p>Priene Antik Kenti Alan Ba\u015fkan\u0131 Mimar Mine A\u015f\u00e7\u0131 toplant\u0131larla ilgili yapt\u0131\u011f\u0131 de\u011ferlendirmede, &#8220;Priene\u2019nin UNESCO D\u00fcnya Miras\u0131 Kal\u0131c\u0131 Listesi\u2019ne girmesi i\u00e7in t\u00fcm kurumlar\u0131n ve payda\u015flar\u0131n ayn\u0131 hedef do\u011frultusunda hareket etmesi bizlere b\u00fcy\u00fck g\u00fc\u00e7 verecek. Eylem planlar\u0131n\u0131n haz\u0131rlanmas\u0131nda yerel ve ulusal payda\u015flar\u0131n katk\u0131lar\u0131, bir yandan da sivil toplum kurulu\u015flar\u0131 arac\u0131l\u0131\u011f\u0131yla halk\u0131n fark\u0131ndal\u0131\u011f\u0131n\u0131n artt\u0131r\u0131lmas\u0131, konuya t\u00fcm kent olarak sahiplenilmesi \u00e7ok \u00f6nemli ve de\u011ferli. Bu s\u00fcre\u00e7 sadece S\u00f6ke i\u00e7in de\u011fil, Ayd\u0131n ve \u00fclkemiz i\u00e7in de k\u00fclt\u00fcrel miras ad\u0131na \u00f6nemli bir ad\u0131m. Katk\u0131 sa\u011flayan herkese \u00e7ok te\u015fekk\u00fcr ediyoruz&#8221; dedi.<\/p>\n<p>S\u00f6ke Belediye Ba\u015fkan\u0131 Dr. Mustafa \u0130berya Ar\u0131kan ise &#8220;Priene\u2019nin d\u00fcnya miras\u0131 yolculu\u011funda destek veren t\u00fcm payda\u015flar\u0131m\u0131za te\u015fekk\u00fcr ediyorum. Bu i\u015fbirli\u011fiyle tarihi miras\u0131m\u0131z\u0131 gelece\u011fe ta\u015f\u0131yaca\u011f\u0131m\u0131za inan\u0131yorum&#8221; ifadelerini kulland\u0131.<br \/><\/p>\n","protected":false},"excerpt":{"rendered":"<p>S\u00f6ke Belediyesi \u00f6nc\u00fcl\u00fc\u011f\u00fcnde Priene Antik Kenti\u2019nin UNESCO D\u00fcnya Miras\u0131 Kal\u0131c\u0131 Listesi\u2019ne girmesi i\u00e7in y\u00fcr\u00fct\u00fclen \u00e7al\u0131\u015fmalar, planland\u0131\u011f\u0131 \u015fekilde titizlikle devam ediyor. Bu kapsamda S\u00f6ke Belediyesi, Priene Antik Kenti Alan Ba\u015fkanl\u0131\u011f\u0131 ve Antik Kent Kaz\u0131 Ba\u015fkanl\u0131\u011f\u0131 i\u015f birli\u011fiyle d\u00fczenlenen payda\u015f bilgilendirme ve arama toplant\u0131lar\u0131 \u00fc\u00e7 g\u00fcn boyunca yo\u011fun kat\u0131l\u0131mla ger\u00e7ekle\u015ftirildi. \u0130lk g\u00fcn d\u00fczenlenen toplant\u0131ya il\u00e7ede faaliyet g\u00f6steren&#8230;<\/p>\n","protected":false},"author":1,"featured_media":56125,"comment_status":"open","ping_status":"open","sticky":false,"template":"","format":"standard","meta":{"_crdt_document":"","footnotes":""},"categories":[1],"tags":[],"class_list":["post-56124","post","type-post","status-publish","format-standard","has-post-thumbnail","hentry","category-guncel"],"_links":{"self":[{"href":"https:\/\/www.egemtv.com\/index.php?rest_route=\/wp\/v2\/posts\/56124","targetHints":{"allow":["GET"]}}],"collection":[{"href":"https:\/\/www.egemtv.com\/index.php?rest_route=\/wp\/v2\/posts"}],"about":[{"href":"https:\/\/www.egemtv.com\/index.php?rest_route=\/wp\/v2\/types\/post"}],"author":[{"embeddable":true,"href":"https:\/\/www.egemtv.com\/index.php?rest_route=\/wp\/v2\/users\/1"}],"replies":[{"embeddable":true,"href":"https:\/\/www.egemtv.com\/index.php?rest_route=%2Fwp%2Fv2%2Fcomments&post=56124"}],"version-history":[{"count":1,"href":"https:\/\/www.egemtv.com\/index.php?rest_route=\/wp\/v2\/posts\/56124\/revisions"}],"predecessor-version":[{"id":56126,"href":"https:\/\/www.egemtv.com\/index.php?rest_route=\/wp\/v2\/posts\/56124\/revisions\/56126"}],"wp:featuredmedia":[{"embeddable":true,"href":"https:\/\/www.egemtv.com\/index.php?rest_route=\/wp\/v2\/media\/56125"}],"wp:attachment":[{"href":"https:\/\/www.egemtv.com\/index.php?rest_route=%2Fwp%2Fv2%2Fmedia&parent=56124"}],"wp:term":[{"taxonomy":"category","embeddable":true,"href":"https:\/\/www.egemtv.com\/index.php?rest_route=%2Fwp%2Fv2%2Fcategories&post=56124"},{"taxonomy":"post_tag","embeddable":true,"href":"https:\/\/www.egemtv.com\/index.php?rest_route=%2Fwp%2Fv2%2Ftags&post=56124"}],"curies":[{"name":"wp","href":"https:\/\/api.w.org\/{rel}","templated":true}]}}