{"id":56121,"date":"2025-09-20T09:54:53","date_gmt":"2025-09-20T06:54:53","guid":{"rendered":"https:\/\/www.egemtv.com\/?p=56121"},"modified":"2025-09-20T09:54:54","modified_gmt":"2025-09-20T06:54:54","slug":"cocuklarinin-yerine-onluk-giyen-veliler-okuma-haftasini-sokaklarda-kutladi","status":"publish","type":"post","link":"https:\/\/www.egemtv.com\/?p=56121","title":{"rendered":"\u00c7ocuklar\u0131n\u0131n yerine \u00f6nl\u00fck giyen veliler, Okuma Haftas\u0131n\u0131 sokaklarda kutlad\u0131"},"content":{"rendered":"<p>Denizli\u2019de Okuma Haftas\u0131 nedeniyle seneler \u00f6nce kulland\u0131klar\u0131 siyah \u00f6nl\u00fcklerini giyerek \u00f6\u011frencili\u011fi hat\u0131rlayan veliler, sokaklarda y\u00fcr\u00fcy\u00fcp mar\u015flar s\u00f6yleyerek renkli g\u00f6r\u00fcnt\u00fcler olu\u015fturdu.<br \/>\n<br \/>Denizli\u2019de d\u00fczenlenen Okuma Haftas\u0131 kutlamas\u0131nda ge\u00e7mi\u015fe yolculuk yapan veliler hem e\u011flendi hem e\u011flendirdi. Pamukkale Kaymakaml\u0131\u011f\u0131, Pamukkale Halk E\u011fitim Merkezi M\u00fcd\u00fcrl\u00fc\u011f\u00fc ve E\u011fitim G\u00f6n\u00fcll\u00fcleri Derne\u011fi\u2019nin ortakla\u015fa d\u00fczenledi\u011fi Okuma Haftas\u0131 etkinlikleri, t\u00f6renle kutland\u0131. Denizli Pamukkale il\u00e7esi protokol\u00fc \u00f6\u011frencilik y\u0131llar\u0131nda oldu\u011fu gibi siyah \u00f6nl\u00fckler giydiler. Body beyaz, yaka siyah \u00f6nl\u00fck giyerek ellerine ald\u0131klar\u0131 T\u00fcrk bayraklar\u0131yla, ge\u00e7mi\u015f d\u00f6nemlerdeki 29 Ekim Cumhuriyet Bayram\u0131 ve 23 Nisan Ulusal Egemenlik ve \u00c7ocuk Bayram\u0131 gibi milli bayramlar\u0131 hat\u0131rlatan y\u00fcr\u00fcy\u00fc\u015fle sokak sokak dola\u015farak hat\u0131ralar\u0131n\u0131 canland\u0131rd\u0131lar. Y\u00fcr\u00fcy\u00fc\u015fe Pamukkale Kaymakam\u0131 U\u011fur Bulut, Pamukkale Halk E\u011fitim M\u00fcd\u00fcr\u00fc Cengiz Sar\u0131ca ve  Dernek Ba\u015fkanlar\u0131 kat\u0131ld\u0131.<br \/>\n<br \/>Siyah okul \u00f6l\u00fckleriyle programa kat\u0131lan protokol, ge\u00e7mi\u015f an\u0131lar\u0131 hat\u0131rlatmak, ya\u015fatmak ve insan\u0131n \u015fekillenmesinde \u00f6nemli olan ilk\u00f6\u011fretimin \u00f6nemini vurgulamay\u0131 ama\u00e7lad\u0131lar. Etkinlik kapsam\u0131nda Pamukkale il\u00e7esi Fatih Mahallesi\u2019nde davul zurna e\u015fli\u011finde mar\u015flarla y\u00fcr\u00fcnd\u00fc. Y\u00fcr\u00fcy\u00fc\u015f  Adil Demireren &#8211; Mustafa Musao\u011flu \u0130lkokulu bah\u00e7esinde son buldu.<br \/>\n<br \/>Kutlama program\u0131nda okuman\u0131n \u00f6nemine i\u015faret eden Pamukkale Halk E\u011fitim Merkezi M\u00fcd\u00fcr\u00fc Cengiz Sar\u0131ca, &#8220;Selam olsun o koca y\u00fcrekli insanlara, selam olsun. \u0130lk\u00f6\u011fretim sadece okumay\u0131 yazmay\u0131 \u00f6\u011frenmek de\u011fil, ayn\u0131 zamanda payla\u015fmay\u0131, sorumlulu\u011fu, sayg\u0131y\u0131 ve sevgiyi \u00f6\u011frenmektir. Temeli iyi at\u0131lm\u0131\u015f ilk\u00f6\u011fretim, gelece\u011fe at\u0131lm\u0131\u015f bir \u0131\u015f\u0131kt\u0131r. Bizler bug\u00fcn i\u015f insan\u0131, \u00f6\u011fretmen, doktor, m\u00fchendis, farkl\u0131 alanlarda g\u00f6rev yapan bireyler isek, bunun ilk tu\u011flas\u0131 siyah \u00f6nl\u00fckleri giyen \u00e7ocuklar\u0131n, \u00f6\u011frencilerin yapt\u0131klar\u0131d\u0131r. \u0130yi bir \u00e7ocuk, ilk\u00f6\u011fretimde at\u0131lan bu temel tu\u011flalarla sa\u011flam gelecekler kurabilir&#8221; ifadelerini kulland\u0131.<br \/>\n<br \/>Konu\u015fmalar\u0131n ard\u0131ndan program Karag\u00f6z-Hacivat ve Nasreddin Hoca oyunlar\u0131 g\u00f6sterileriyle devam etti. Etkinlik, halk m\u00fczi\u011fi konserinin ard\u0131ndan sona erdi.<br \/><\/p>\n","protected":false},"excerpt":{"rendered":"<p>Denizli\u2019de Okuma Haftas\u0131 nedeniyle seneler \u00f6nce kulland\u0131klar\u0131 siyah \u00f6nl\u00fcklerini giyerek \u00f6\u011frencili\u011fi hat\u0131rlayan veliler, sokaklarda y\u00fcr\u00fcy\u00fcp mar\u015flar s\u00f6yleyerek renkli g\u00f6r\u00fcnt\u00fcler olu\u015fturdu. Denizli\u2019de d\u00fczenlenen Okuma Haftas\u0131 kutlamas\u0131nda ge\u00e7mi\u015fe yolculuk yapan veliler hem e\u011flendi hem e\u011flendirdi. Pamukkale Kaymakaml\u0131\u011f\u0131, Pamukkale Halk E\u011fitim Merkezi M\u00fcd\u00fcrl\u00fc\u011f\u00fc ve E\u011fitim G\u00f6n\u00fcll\u00fcleri Derne\u011fi\u2019nin ortakla\u015fa d\u00fczenledi\u011fi Okuma Haftas\u0131 etkinlikleri, t\u00f6renle kutland\u0131. Denizli Pamukkale il\u00e7esi protokol\u00fc&#8230;<\/p>\n","protected":false},"author":1,"featured_media":56122,"comment_status":"open","ping_status":"open","sticky":false,"template":"","format":"standard","meta":{"_crdt_document":"","footnotes":""},"categories":[1],"tags":[],"class_list":["post-56121","post","type-post","status-publish","format-standard","has-post-thumbnail","hentry","category-guncel"],"_links":{"self":[{"href":"https:\/\/www.egemtv.com\/index.php?rest_route=\/wp\/v2\/posts\/56121","targetHints":{"allow":["GET"]}}],"collection":[{"href":"https:\/\/www.egemtv.com\/index.php?rest_route=\/wp\/v2\/posts"}],"about":[{"href":"https:\/\/www.egemtv.com\/index.php?rest_route=\/wp\/v2\/types\/post"}],"author":[{"embeddable":true,"href":"https:\/\/www.egemtv.com\/index.php?rest_route=\/wp\/v2\/users\/1"}],"replies":[{"embeddable":true,"href":"https:\/\/www.egemtv.com\/index.php?rest_route=%2Fwp%2Fv2%2Fcomments&post=56121"}],"version-history":[{"count":1,"href":"https:\/\/www.egemtv.com\/index.php?rest_route=\/wp\/v2\/posts\/56121\/revisions"}],"predecessor-version":[{"id":56123,"href":"https:\/\/www.egemtv.com\/index.php?rest_route=\/wp\/v2\/posts\/56121\/revisions\/56123"}],"wp:featuredmedia":[{"embeddable":true,"href":"https:\/\/www.egemtv.com\/index.php?rest_route=\/wp\/v2\/media\/56122"}],"wp:attachment":[{"href":"https:\/\/www.egemtv.com\/index.php?rest_route=%2Fwp%2Fv2%2Fmedia&parent=56121"}],"wp:term":[{"taxonomy":"category","embeddable":true,"href":"https:\/\/www.egemtv.com\/index.php?rest_route=%2Fwp%2Fv2%2Fcategories&post=56121"},{"taxonomy":"post_tag","embeddable":true,"href":"https:\/\/www.egemtv.com\/index.php?rest_route=%2Fwp%2Fv2%2Ftags&post=56121"}],"curies":[{"name":"wp","href":"https:\/\/api.w.org\/{rel}","templated":true}]}}