{"id":56118,"date":"2025-09-20T09:35:37","date_gmt":"2025-09-20T06:35:37","guid":{"rendered":"https:\/\/www.egemtv.com\/?p=56118"},"modified":"2025-09-20T09:35:37","modified_gmt":"2025-09-20T06:35:37","slug":"motosikletlilerin-belalisi-olan-kavsakta-kazalar-bitmiyor","status":"publish","type":"post","link":"https:\/\/www.egemtv.com\/?p=56118","title":{"rendered":"Motosikletlilerin belal\u0131s\u0131 olan kav\u015fakta kazalar bitmiyor"},"content":{"rendered":"<p>Denizli\u2019nin Pamukkale il\u00e7esinde \u00e7ok i\u015flek olmas\u0131na ra\u011fmen ikaz i\u015fareti bulunmayan kav\u015fakta bir ka\u00e7 dakika arayla iki motosiklet kazas\u0131 meydana geldi. \u00d6nlem al\u0131nmayan kav\u015fakta s\u0131k s\u0131k kazalar ya\u015fand\u0131\u011f\u0131n\u0131 belirten \u00e7evre sakinleri, yetkililere \u00e7a\u011fr\u0131da bulundu.<\/p>\n<p>Kaza, Pamukkale il\u00e7esi Yunusemre Mahallesi\u2019nde meydana geldi. Edinilen bilgilere g\u00f6re; seyir halindeki 20 NL 401 plakal\u0131 otomobil, Pamukkale \u00dcniversite Hastanesine girmek i\u00e7in manevra yapt\u0131. Sola do\u011fru y\u00f6nelen otomobil kar\u015f\u0131 taraftan gelen 34 AL 6762 plakal\u0131 motosiklet ile \u00e7arp\u0131\u015ft\u0131. Kazay\u0131 g\u00f6ren \u00e7evredeki vatanda\u015flar\u0131n ihbar\u0131 \u00fczerine b\u00f6lgeye sa\u011fl\u0131k ve polis ekipleri sevk edildi. B\u00f6lgeye gelen sa\u011fl\u0131k ekipleri yaral\u0131 motosiklet s\u00fcr\u00fcc\u00fcs\u00fcne ilk m\u00fcdahalenin ard\u0131ndan, ambulansla en yak\u0131n hastaneye sevk etti. Kazada yaralanan motosiklet s\u00fcr\u00fcc\u00fcs\u00fcn\u00fcn hayati tehlikesinin bulunmad\u0131\u011f\u0131 \u00f6\u011frenildi.<\/p>\n<p>Motosikletlerin belal\u0131s\u0131 haline gelen kav\u015fakta kazalar bitmiyor<br \/>\n<br \/>Polis ve sa\u011fl\u0131k ekiplerini m\u00fcdahale etti\u011fi kazadan hemen birka\u00e7 dakika sonra ayn\u0131 b\u00f6lgede seyir halindeki motosiklet s\u00fcr\u00fcc\u00fcs\u00fc, kav\u015faktaki yo\u011funlu\u011fu ge\u00e7 fark edince kayarak kaza yapt\u0131. Kazan\u0131n ard\u0131ndan b\u00f6lgeye sa\u011fl\u0131k ve polis ekipleri sevk edildi. B\u00f6lgeye gelen sa\u011fl\u0131k ekiplerinin olay yerinde ilk m\u00fcdahalelerin ard\u0131ndan en yak\u0131n hastaneye sevk edildi. Yaral\u0131 motosiklet s\u00fcr\u00fcc\u00fcs\u00fcn\u00fcn yo\u011fun bak\u0131mda tedavi alt\u0131nda oldu\u011fu belirtildi.<\/p>\n<p>&#8220;Yetkililerin bu durumu el atmas\u0131n\u0131 istiyoruz, insan hayat\u0131 bu kadar ucuz olmamas\u0131 laz\u0131m&#8221;<br \/>\n<br \/>\u00dcniversite kav\u015fa\u011f\u0131nda meydana gelen kazalar\u0131n ard\u0131ndan yetkililerinden \u00f6nlem al\u0131nmas\u0131n\u0131 isteyen kurye faaliyeti g\u00f6steren Hasan Karakaya, &#8220;Pamukkale \u00dcniversite Kav\u015fa\u011f\u0131nda ak\u015fam saatlerinde bir kuryem kaza yapt\u0131. \u00dcniversite kav\u015fa\u011f\u0131nda hi\u00e7bir \u015fekilde \u00f6nlem, bariyer, duba olmamas\u0131ndan kaynaklan\u0131yor. Son bir ay i\u00e7inde benim kuryelerimden 2\u2019si orada kaza yapt\u0131. Ayda yakla\u015f\u0131k kav\u015fakta 3-4 kaza meydana geliyor. \u00dcniversite girmek isteyen ara\u00e7lar kar\u015f\u0131 \u015feritten gelen ara\u00e7lar\u0131 g\u00f6rm\u00fcyor. Bunun i\u00e7in \u00f6nlem al\u0131nmas\u0131n\u0131 rica ediyorum. Kuryem kaza yapt\u0131ktan sonra olay yerine gittim. Tutanaklar\u0131 haz\u0131rlarken yar\u0131m saat i\u00e7inde ayn\u0131 noktada ba\u015fka bir kurye bir daha kaza yapt\u0131. Bu b\u00f6lgede ayda en az 4 kere kaza oluyor. Yetkililerin bu durumu el atmas\u0131n\u0131 istiyoruz. \u0130nsan hayat\u0131 bu kadar ucuz olmamas\u0131 laz\u0131m. Kav\u015fakta \u00f6nlem al\u0131narak kazalar\u0131 engellememiz laz\u0131m&#8221; dedi.<\/p>\n<p>Motosiklet kazalar\u0131 g\u00fcvenlik kameras\u0131na yans\u0131d\u0131<br \/>\n<br \/>Meydana gelen motosiklet kazalar\u0131n\u0131n g\u00fcvenlik kameras\u0131 g\u00f6r\u00fcnt\u00fcleri ortaya \u00e7\u0131kt\u0131. Yol \u00fczerinde faaliyet g\u00f6steren bir i\u015fletmenin g\u00fcvenlik kameralar\u0131na yans\u0131yan g\u00f6r\u00fcnt\u00fclerde, otomobilin Pamukkale \u00dcniversitesine girmek isterken kar\u015f\u0131 \u015feritten gelen motosiklet ile \u00e7arp\u0131\u015ft\u0131\u011f\u0131 anlar yer ald\u0131. Ayn\u0131 zamanda kazadan belli bir s\u00fcre sonra ayn\u0131 b\u00f6lgede motosiklet s\u00fcr\u00fcc\u00fcs\u00fc seyir halindeyken kayarak kaza meydana geldi\u011fi anlar da g\u00f6r\u00fcnt\u00fclerde yer ald\u0131.<br \/><\/p>\n","protected":false},"excerpt":{"rendered":"<p>Denizli\u2019nin Pamukkale il\u00e7esinde \u00e7ok i\u015flek olmas\u0131na ra\u011fmen ikaz i\u015fareti bulunmayan kav\u015fakta bir ka\u00e7 dakika arayla iki motosiklet kazas\u0131 meydana geldi. \u00d6nlem al\u0131nmayan kav\u015fakta s\u0131k s\u0131k kazalar ya\u015fand\u0131\u011f\u0131n\u0131 belirten \u00e7evre sakinleri, yetkililere \u00e7a\u011fr\u0131da bulundu. Kaza, Pamukkale il\u00e7esi Yunusemre Mahallesi\u2019nde meydana geldi. Edinilen bilgilere g\u00f6re; seyir halindeki 20 NL 401 plakal\u0131 otomobil, Pamukkale \u00dcniversite Hastanesine girmek i\u00e7in&#8230;<\/p>\n","protected":false},"author":1,"featured_media":56119,"comment_status":"open","ping_status":"open","sticky":false,"template":"","format":"standard","meta":{"_crdt_document":"","footnotes":""},"categories":[5],"tags":[],"class_list":["post-56118","post","type-post","status-publish","format-standard","has-post-thumbnail","hentry","category-asayis"],"_links":{"self":[{"href":"https:\/\/www.egemtv.com\/index.php?rest_route=\/wp\/v2\/posts\/56118","targetHints":{"allow":["GET"]}}],"collection":[{"href":"https:\/\/www.egemtv.com\/index.php?rest_route=\/wp\/v2\/posts"}],"about":[{"href":"https:\/\/www.egemtv.com\/index.php?rest_route=\/wp\/v2\/types\/post"}],"author":[{"embeddable":true,"href":"https:\/\/www.egemtv.com\/index.php?rest_route=\/wp\/v2\/users\/1"}],"replies":[{"embeddable":true,"href":"https:\/\/www.egemtv.com\/index.php?rest_route=%2Fwp%2Fv2%2Fcomments&post=56118"}],"version-history":[{"count":1,"href":"https:\/\/www.egemtv.com\/index.php?rest_route=\/wp\/v2\/posts\/56118\/revisions"}],"predecessor-version":[{"id":56120,"href":"https:\/\/www.egemtv.com\/index.php?rest_route=\/wp\/v2\/posts\/56118\/revisions\/56120"}],"wp:featuredmedia":[{"embeddable":true,"href":"https:\/\/www.egemtv.com\/index.php?rest_route=\/wp\/v2\/media\/56119"}],"wp:attachment":[{"href":"https:\/\/www.egemtv.com\/index.php?rest_route=%2Fwp%2Fv2%2Fmedia&parent=56118"}],"wp:term":[{"taxonomy":"category","embeddable":true,"href":"https:\/\/www.egemtv.com\/index.php?rest_route=%2Fwp%2Fv2%2Fcategories&post=56118"},{"taxonomy":"post_tag","embeddable":true,"href":"https:\/\/www.egemtv.com\/index.php?rest_route=%2Fwp%2Fv2%2Ftags&post=56118"}],"curies":[{"name":"wp","href":"https:\/\/api.w.org\/{rel}","templated":true}]}}