{"id":56115,"date":"2025-09-20T09:35:36","date_gmt":"2025-09-20T06:35:36","guid":{"rendered":"https:\/\/www.egemtv.com\/?p=56115"},"modified":"2025-09-20T09:35:37","modified_gmt":"2025-09-20T06:35:37","slug":"koycegiz-yangininda-denizli-ekibi-olumden-dondu","status":"publish","type":"post","link":"https:\/\/www.egemtv.com\/?p=56115","title":{"rendered":"K\u00f6yce\u011fiz yang\u0131n\u0131nda Denizli ekibi \u00f6l\u00fcmden d\u00f6nd\u00fc"},"content":{"rendered":"<p>Mu\u011fla\u2019n\u0131n K\u00f6yce\u011fiz il\u00e7esi Akk\u00f6pr\u00fc mevkiinde iki g\u00fcnd\u00fcr devam eden orman yang\u0131n\u0131nda gece saatlerinde yang\u0131na m\u00fcdahale eden Denizli ekibinden bir araz\u00f6z ve i\u00e7indeki 3 personel alevlerin i\u00e7inde kald\u0131.<br \/>\n<br \/>Gecenin ilk saatlerinde karadan m\u00fcdahale i\u00e7in b\u00f6lgeye sevk edilen Denizli Orman B\u00f6lge M\u00fcd\u00fcrl\u00fc\u011f\u00fc\u2019ne ba\u011fl\u0131 bir araz\u00f6z ve i\u00e7indeki \u00fc\u00e7 personel, ters esen r\u00fczgar nedeniyle alevlerin i\u00e7inde kald\u0131. \u00dc\u00e7 personelden ikisi duman zehirlenmesi sonucu, biri ise k\u0131smi yan\u0131k nedeniyle sa\u011fl\u0131k kurulu\u015funa tedbir ama\u00e7l\u0131 sevk edildi. Araz\u00f6zde ise maddi hasar olu\u015ftu\u011fu \u00f6\u011frenildi.<br \/><\/p>\n","protected":false},"excerpt":{"rendered":"<p>Mu\u011fla\u2019n\u0131n K\u00f6yce\u011fiz il\u00e7esi Akk\u00f6pr\u00fc mevkiinde iki g\u00fcnd\u00fcr devam eden orman yang\u0131n\u0131nda gece saatlerinde yang\u0131na m\u00fcdahale eden Denizli ekibinden bir araz\u00f6z ve i\u00e7indeki 3 personel alevlerin i\u00e7inde kald\u0131. Gecenin ilk saatlerinde karadan m\u00fcdahale i\u00e7in b\u00f6lgeye sevk edilen Denizli Orman B\u00f6lge M\u00fcd\u00fcrl\u00fc\u011f\u00fc\u2019ne ba\u011fl\u0131 bir araz\u00f6z ve i\u00e7indeki \u00fc\u00e7 personel, ters esen r\u00fczgar nedeniyle alevlerin i\u00e7inde kald\u0131. \u00dc\u00e7&#8230;<\/p>\n","protected":false},"author":1,"featured_media":56116,"comment_status":"open","ping_status":"open","sticky":false,"template":"","format":"standard","meta":{"_crdt_document":"","footnotes":""},"categories":[5],"tags":[],"class_list":["post-56115","post","type-post","status-publish","format-standard","has-post-thumbnail","hentry","category-asayis"],"_links":{"self":[{"href":"https:\/\/www.egemtv.com\/index.php?rest_route=\/wp\/v2\/posts\/56115","targetHints":{"allow":["GET"]}}],"collection":[{"href":"https:\/\/www.egemtv.com\/index.php?rest_route=\/wp\/v2\/posts"}],"about":[{"href":"https:\/\/www.egemtv.com\/index.php?rest_route=\/wp\/v2\/types\/post"}],"author":[{"embeddable":true,"href":"https:\/\/www.egemtv.com\/index.php?rest_route=\/wp\/v2\/users\/1"}],"replies":[{"embeddable":true,"href":"https:\/\/www.egemtv.com\/index.php?rest_route=%2Fwp%2Fv2%2Fcomments&post=56115"}],"version-history":[{"count":1,"href":"https:\/\/www.egemtv.com\/index.php?rest_route=\/wp\/v2\/posts\/56115\/revisions"}],"predecessor-version":[{"id":56117,"href":"https:\/\/www.egemtv.com\/index.php?rest_route=\/wp\/v2\/posts\/56115\/revisions\/56117"}],"wp:featuredmedia":[{"embeddable":true,"href":"https:\/\/www.egemtv.com\/index.php?rest_route=\/wp\/v2\/media\/56116"}],"wp:attachment":[{"href":"https:\/\/www.egemtv.com\/index.php?rest_route=%2Fwp%2Fv2%2Fmedia&parent=56115"}],"wp:term":[{"taxonomy":"category","embeddable":true,"href":"https:\/\/www.egemtv.com\/index.php?rest_route=%2Fwp%2Fv2%2Fcategories&post=56115"},{"taxonomy":"post_tag","embeddable":true,"href":"https:\/\/www.egemtv.com\/index.php?rest_route=%2Fwp%2Fv2%2Ftags&post=56115"}],"curies":[{"name":"wp","href":"https:\/\/api.w.org\/{rel}","templated":true}]}}