{"id":56112,"date":"2025-09-20T09:35:35","date_gmt":"2025-09-20T06:35:35","guid":{"rendered":"https:\/\/www.egemtv.com\/?p=56112"},"modified":"2025-09-20T09:35:36","modified_gmt":"2025-09-20T06:35:36","slug":"vali-canbolat-dunya-sampiyonunu-agirladi","status":"publish","type":"post","link":"https:\/\/www.egemtv.com\/?p=56112","title":{"rendered":"Vali Canbolat, d\u00fcnya \u015fampiyonunu a\u011f\u0131rlad\u0131"},"content":{"rendered":"<p>Ayd\u0131n\u2019\u0131n Karpuzlu il\u00e7esinde ya\u015fayan ve at\u0131c\u0131l\u0131ktaki yetene\u011fiyle T\u00fcrk spor tarihine ge\u00e7en 16 ya\u015f\u0131ndaki Muaz Erdem Madran, \u00c7ekya\u2019daki Para Trap D\u00fcnya \u015eampiyonas\u0131\u2019nda alt\u0131n madalya kazan\u0131rken, Vali Yakup Canbolat d\u00fcnya \u015fampiyonu Madran\u2019\u0131 makam\u0131nda a\u011f\u0131rlad\u0131.<br \/>\n<br \/>Yakla\u015f\u0131k 3 y\u0131l \u00f6nce babas\u0131 ile gitti\u011fi av s\u0131ras\u0131nda at\u0131c\u0131l\u0131k yete\u011fini ke\u015ffederek kendini geli\u015ftiren ve \u00c7ekya\u2019n\u0131n Brno kentinde d\u00fczenlenen Para Trap D\u00fcnya \u015eampiyonas\u0131 PT3 Disiplini\u2019nde alt\u0131n madalya kazanan 16 ya\u015f\u0131ndaki milli sporcu Muaz Erdem Madran, d\u00fcnya \u015fampiyonu olarak Ayd\u0131n\u2019\u0131 ve T\u00fcrkiye\u2019yi gururland\u0131rd\u0131. \u015eampiyonada elde etti\u011fi ba\u015far\u0131n\u0131n ard\u0131ndan memleketi Ayd\u0131n\u2019a d\u00f6nen gen\u00e7 sporcuyu tebrik eden Ayd\u0131n Valisi Yakup Canbolat, Madran\u2019\u0131 makam\u0131nda a\u011f\u0131rlad\u0131. Elde etti\u011fi \u2019D\u00fcnya \u015eampiyonu\u2019 unvan\u0131 ile Ayd\u0131n\u2019\u0131 guruland\u0131rd\u0131\u011f\u0131n\u0131 vurgulayan Vali Canbolat, milli sporcunun ba\u015far\u0131lar\u0131n\u0131n devam\u0131n\u0131 diledi.<br \/>\n<br \/>Ziyaret ile ilgili Ayd\u0131n Valili\u011fi\u2019nden yap\u0131lan a\u00e7\u0131klamada &#8220;\u00c7ekya\u2019n\u0131n Brno kentinde d\u00fczenlenen Para Trap D\u00fcnya \u015eampiyonas\u0131 PT3 Disiplini\u2019nde alt\u0131n madalya kazanan milli sporcumuz Muaz Erdem Madran, TBMM 27. D\u00f6nem AK Parti Milletvekili At\u0131c\u0131l\u0131k Federasyonu Kurul \u00dcyesi R\u0131za Posac\u0131, T\u00fcrkiye At\u0131c\u0131l\u0131k Federasyonu As Ba\u015fkan\u0131 Abdurrahim Gezer, Gen\u00e7lik ve Spor \u0130l M\u00fcd\u00fcr\u00fc Serhat Y\u0131\u011fmatepe ve babas\u0131 Akif Madran ile Vali Yakup Canbolat\u2019\u0131 ziyaret etti&#8221; ifadeleri yer ald\u0131.<br \/><\/p>\n","protected":false},"excerpt":{"rendered":"<p>Ayd\u0131n\u2019\u0131n Karpuzlu il\u00e7esinde ya\u015fayan ve at\u0131c\u0131l\u0131ktaki yetene\u011fiyle T\u00fcrk spor tarihine ge\u00e7en 16 ya\u015f\u0131ndaki Muaz Erdem Madran, \u00c7ekya\u2019daki Para Trap D\u00fcnya \u015eampiyonas\u0131\u2019nda alt\u0131n madalya kazan\u0131rken, Vali Yakup Canbolat d\u00fcnya \u015fampiyonu Madran\u2019\u0131 makam\u0131nda a\u011f\u0131rlad\u0131. Yakla\u015f\u0131k 3 y\u0131l \u00f6nce babas\u0131 ile gitti\u011fi av s\u0131ras\u0131nda at\u0131c\u0131l\u0131k yete\u011fini ke\u015ffederek kendini geli\u015ftiren ve \u00c7ekya\u2019n\u0131n Brno kentinde d\u00fczenlenen Para Trap D\u00fcnya \u015eampiyonas\u0131&#8230;<\/p>\n","protected":false},"author":1,"featured_media":56113,"comment_status":"open","ping_status":"open","sticky":false,"template":"","format":"standard","meta":{"_crdt_document":"","footnotes":""},"categories":[4],"tags":[],"class_list":["post-56112","post","type-post","status-publish","format-standard","has-post-thumbnail","hentry","category-spor"],"_links":{"self":[{"href":"https:\/\/www.egemtv.com\/index.php?rest_route=\/wp\/v2\/posts\/56112","targetHints":{"allow":["GET"]}}],"collection":[{"href":"https:\/\/www.egemtv.com\/index.php?rest_route=\/wp\/v2\/posts"}],"about":[{"href":"https:\/\/www.egemtv.com\/index.php?rest_route=\/wp\/v2\/types\/post"}],"author":[{"embeddable":true,"href":"https:\/\/www.egemtv.com\/index.php?rest_route=\/wp\/v2\/users\/1"}],"replies":[{"embeddable":true,"href":"https:\/\/www.egemtv.com\/index.php?rest_route=%2Fwp%2Fv2%2Fcomments&post=56112"}],"version-history":[{"count":1,"href":"https:\/\/www.egemtv.com\/index.php?rest_route=\/wp\/v2\/posts\/56112\/revisions"}],"predecessor-version":[{"id":56114,"href":"https:\/\/www.egemtv.com\/index.php?rest_route=\/wp\/v2\/posts\/56112\/revisions\/56114"}],"wp:featuredmedia":[{"embeddable":true,"href":"https:\/\/www.egemtv.com\/index.php?rest_route=\/wp\/v2\/media\/56113"}],"wp:attachment":[{"href":"https:\/\/www.egemtv.com\/index.php?rest_route=%2Fwp%2Fv2%2Fmedia&parent=56112"}],"wp:term":[{"taxonomy":"category","embeddable":true,"href":"https:\/\/www.egemtv.com\/index.php?rest_route=%2Fwp%2Fv2%2Fcategories&post=56112"},{"taxonomy":"post_tag","embeddable":true,"href":"https:\/\/www.egemtv.com\/index.php?rest_route=%2Fwp%2Fv2%2Ftags&post=56112"}],"curies":[{"name":"wp","href":"https:\/\/api.w.org\/{rel}","templated":true}]}}