{"id":56109,"date":"2025-09-20T09:35:33","date_gmt":"2025-09-20T06:35:33","guid":{"rendered":"https:\/\/www.egemtv.com\/?p=56109"},"modified":"2025-09-20T09:35:35","modified_gmt":"2025-09-20T06:35:35","slug":"buharkentte-satranc-kursu-basliyor","status":"publish","type":"post","link":"https:\/\/www.egemtv.com\/?p=56109","title":{"rendered":"Buharkent\u2019te satran\u00e7 kursu ba\u015fl\u0131yor"},"content":{"rendered":"<p>Buharkent Belediyesi taraf\u0131ndan ilkokul ve ortaokul \u00f6\u011frencilerine y\u00f6nelik a\u00e7\u0131lacak olan \u00fccretsiz satran\u00e7 kursu i\u00e7in ba\u015fvurular ba\u015flad\u0131.<br \/>\n<br \/>Buharkent Belediyesi taraf\u0131ndan ilkokul ve ortaokul \u00f6\u011frencilerine y\u00f6nelik \u00fccretsiz satran\u00e7 kursu a\u00e7\u0131lacak. \u00d6\u011frencilerin geli\u015fimine katk\u0131 sunmas\u0131 hedeflenen kurs i\u00e7in ba\u015fvurular da ba\u015flarken, son ba\u015fvuru tarihi 26 Eyl\u00fcl olarak a\u00e7\u0131kland\u0131. Buharkent Belediye Ba\u015fkan\u0131 Mehmet Erol, gen\u00e7lerin hem zihinsel geli\u015fimine katk\u0131 sunmak hem de sosyal a\u00e7\u0131dan daha aktif hale gelmelerini sa\u011flamak amac\u0131yla b\u00f6yle bir kurs d\u00fczenlediklerini a\u00e7\u0131klad\u0131. Kurs, 29 Eyl\u00fcl 2025 Pazartesi g\u00fcn\u00fc ba\u015flayacak ve 24 Aral\u0131k 2025 \u00c7ar\u015famba g\u00fcn\u00fc sona erecek. Dersler, Pazartesi ve \u00c7ar\u015famba g\u00fcnleri Buharkent Gen\u00e7lik Merkezi\u2019nde yap\u0131lacak. Ba\u015fvurular Belediye Sekreterli\u011fi \u00fczerinden al\u0131nacak olup, son ba\u015fvuru tarihi 26 Eyl\u00fcl 2025 Cuma olarak belirlendi. Buharkent Belediye Ba\u015fkan\u0131 Mehmet Erol, t\u00fcm \u00f6\u011frencilere \u00e7a\u011fr\u0131da bulunarak, &#8220;Satran\u00e7, \u00e7ocuklar\u0131m\u0131z\u0131n stratejik d\u00fc\u015f\u00fcnme, dikkat ve sab\u0131r becerilerini geli\u015ftiren \u00e7ok k\u0131ymetli bir spor dal\u0131. Kursumuza kat\u0131lacak t\u00fcm evlatlar\u0131m\u0131za \u015fimdiden ba\u015far\u0131lar diliyorum&#8221; dedi.<br \/><\/p>\n","protected":false},"excerpt":{"rendered":"<p>Buharkent Belediyesi taraf\u0131ndan ilkokul ve ortaokul \u00f6\u011frencilerine y\u00f6nelik a\u00e7\u0131lacak olan \u00fccretsiz satran\u00e7 kursu i\u00e7in ba\u015fvurular ba\u015flad\u0131. Buharkent Belediyesi taraf\u0131ndan ilkokul ve ortaokul \u00f6\u011frencilerine y\u00f6nelik \u00fccretsiz satran\u00e7 kursu a\u00e7\u0131lacak. \u00d6\u011frencilerin geli\u015fimine katk\u0131 sunmas\u0131 hedeflenen kurs i\u00e7in ba\u015fvurular da ba\u015flarken, son ba\u015fvuru tarihi 26 Eyl\u00fcl olarak a\u00e7\u0131kland\u0131. Buharkent Belediye Ba\u015fkan\u0131 Mehmet Erol, gen\u00e7lerin hem zihinsel geli\u015fimine katk\u0131&#8230;<\/p>\n","protected":false},"author":1,"featured_media":56110,"comment_status":"open","ping_status":"open","sticky":false,"template":"","format":"standard","meta":{"_crdt_document":"","footnotes":""},"categories":[1],"tags":[],"class_list":["post-56109","post","type-post","status-publish","format-standard","has-post-thumbnail","hentry","category-guncel"],"_links":{"self":[{"href":"https:\/\/www.egemtv.com\/index.php?rest_route=\/wp\/v2\/posts\/56109","targetHints":{"allow":["GET"]}}],"collection":[{"href":"https:\/\/www.egemtv.com\/index.php?rest_route=\/wp\/v2\/posts"}],"about":[{"href":"https:\/\/www.egemtv.com\/index.php?rest_route=\/wp\/v2\/types\/post"}],"author":[{"embeddable":true,"href":"https:\/\/www.egemtv.com\/index.php?rest_route=\/wp\/v2\/users\/1"}],"replies":[{"embeddable":true,"href":"https:\/\/www.egemtv.com\/index.php?rest_route=%2Fwp%2Fv2%2Fcomments&post=56109"}],"version-history":[{"count":1,"href":"https:\/\/www.egemtv.com\/index.php?rest_route=\/wp\/v2\/posts\/56109\/revisions"}],"predecessor-version":[{"id":56111,"href":"https:\/\/www.egemtv.com\/index.php?rest_route=\/wp\/v2\/posts\/56109\/revisions\/56111"}],"wp:featuredmedia":[{"embeddable":true,"href":"https:\/\/www.egemtv.com\/index.php?rest_route=\/wp\/v2\/media\/56110"}],"wp:attachment":[{"href":"https:\/\/www.egemtv.com\/index.php?rest_route=%2Fwp%2Fv2%2Fmedia&parent=56109"}],"wp:term":[{"taxonomy":"category","embeddable":true,"href":"https:\/\/www.egemtv.com\/index.php?rest_route=%2Fwp%2Fv2%2Fcategories&post=56109"},{"taxonomy":"post_tag","embeddable":true,"href":"https:\/\/www.egemtv.com\/index.php?rest_route=%2Fwp%2Fv2%2Ftags&post=56109"}],"curies":[{"name":"wp","href":"https:\/\/api.w.org\/{rel}","templated":true}]}}